{"id":41770,"date":"2026-08-18T09:33:55","date_gmt":"2026-08-18T09:33:55","guid":{"rendered":"https:\/\/blogdorogeriogomes.com.br\/noticias\/?p=41770"},"modified":"2026-08-18T09:33:55","modified_gmt":"2026-08-18T09:33:55","slug":"candidatos-ao-governo-do-ceara-tem-poucas-atividades-na-segunda-feira-elmano-de-freitas-fez-caminhada-no-vila-uniao-e-carreata-no-vicente-pinzon","status":"publish","type":"post","link":"https:\/\/blogdorogeriogomes.com.br\/noticias\/2026\/08\/candidatos-ao-governo-do-ceara-tem-poucas-atividades-na-segunda-feira-elmano-de-freitas-fez-caminhada-no-vila-uniao-e-carreata-no-vicente-pinzon\/","title":{"rendered":"Candidatos ao Governo do Cear\u00e1 t\u00eam poucas atividades na segunda-feira. Elmano de Freitas fez caminhada no Vila Uni\u00e3o e carreata no Vicente Pinzon"},"content":{"rendered":"\n<p class=\"wp-block-paragraph\">Ap\u00f3s um primeiro dia de campanha intenso no domingo, dia 16 de agosto, os candidatos ao Governo do Cear\u00e1 tiveram poucas atividades nesta segunda-feira, dia 17. Dos oito candidatos na disputa, quatro cumpriram agendas p\u00fablicas neste segundo dia de campanha: Ciro Gomes (PSDB), Elmano de Freitas (PT), Serley Leal (UP) e Z\u00e9 Batista (PSTU).<\/p>\n\n\n\n<p class=\"wp-block-paragraph\">O governador Elmano de Freitas (PT) realizou caminhada pela manh\u00e3 no Vila Uni\u00e3o,  em Fortaleza, e carreata no per\u00edodo da noite no bairro Vicente Piz\u00f3n, em Fortaleza.\u00a0Os dois eventos foram acompanhados pelo prefeito Evandro Leit\u00e3o (PT).<\/p>\n\n\n\n<p class=\"wp-block-paragraph\">Ciro Gomes (PSDB) passou a maior parte do dia gravando material de campanha. No per\u00edodo da noite, ele participou da inaugura\u00e7\u00e3o do comit\u00ea de campanha do deputado federal Danilo Forte (Progressistas), no bairro Meireles, em Fortaleza.<\/p>\n\n\n\n<figure class=\"wp-block-image size-large\"><img loading=\"lazy\" decoding=\"async\" width=\"1024\" height=\"683\" src=\"https:\/\/blogdorogeriogomes.com.br\/noticias\/wp-content\/uploads\/2026\/08\/caminhada_com_elmano_24-42105418-1024x683.jpg\" alt=\"\" class=\"wp-image-41771\" srcset=\"https:\/\/blogdorogeriogomes.com.br\/noticias\/wp-content\/uploads\/2026\/08\/caminhada_com_elmano_24-42105418-1024x683.jpg 1024w, https:\/\/blogdorogeriogomes.com.br\/noticias\/wp-content\/uploads\/2026\/08\/caminhada_com_elmano_24-42105418-300x200.jpg 300w, https:\/\/blogdorogeriogomes.com.br\/noticias\/wp-content\/uploads\/2026\/08\/caminhada_com_elmano_24-42105418-768x512.jpg 768w, https:\/\/blogdorogeriogomes.com.br\/noticias\/wp-content\/uploads\/2026\/08\/caminhada_com_elmano_24-42105418-1536x1024.jpg 1536w, https:\/\/blogdorogeriogomes.com.br\/noticias\/wp-content\/uploads\/2026\/08\/caminhada_com_elmano_24-42105418-800x533.jpg 800w, https:\/\/blogdorogeriogomes.com.br\/noticias\/wp-content\/uploads\/2026\/08\/caminhada_com_elmano_24-42105418.jpg 1920w\" sizes=\"auto, (max-width: 1024px) 100vw, 1024px\" \/><\/figure>\n","protected":false},"excerpt":{"rendered":"<p>Ap\u00f3s um primeiro dia de campanha intenso no domingo, dia 16 de agosto, os candidatos ao Governo do Cear\u00e1 tiveram poucas atividades nesta segunda-feira, dia 17. Dos oito candidatos na disputa, quatro cumpriram agendas p\u00fablicas neste segundo dia de campanha: Ciro Gomes (PSDB), Elmano de Freitas (PT), Serley Leal (UP) e Z\u00e9 Batista (PSTU). O governador Elmano de Freitas (PT) realizou caminhada pela manh\u00e3 no Vila Uni\u00e3o, em Fortaleza, e carreata no per\u00edodo da noite no bairro Vicente Piz\u00f3n,&hellip;<\/p>\n","protected":false},"author":1,"featured_media":41771,"comment_status":"open","ping_status":"open","sticky":false,"template":"","format":"standard","meta":{"footnotes":""},"categories":[1],"tags":[],"class_list":["post-41770","post","type-post","status-publish","format-standard","has-post-thumbnail","hentry","category-noticias"],"_links":{"self":[{"href":"https:\/\/blogdorogeriogomes.com.br\/noticias\/wp-json\/wp\/v2\/posts\/41770","targetHints":{"allow":["GET"]}}],"collection":[{"href":"https:\/\/blogdorogeriogomes.com.br\/noticias\/wp-json\/wp\/v2\/posts"}],"about":[{"href":"https:\/\/blogdorogeriogomes.com.br\/noticias\/wp-json\/wp\/v2\/types\/post"}],"author":[{"embeddable":true,"href":"https:\/\/blogdorogeriogomes.com.br\/noticias\/wp-json\/wp\/v2\/users\/1"}],"replies":[{"embeddable":true,"href":"https:\/\/blogdorogeriogomes.com.br\/noticias\/wp-json\/wp\/v2\/comments?post=41770"}],"version-history":[{"count":1,"href":"https:\/\/blogdorogeriogomes.com.br\/noticias\/wp-json\/wp\/v2\/posts\/41770\/revisions"}],"predecessor-version":[{"id":41772,"href":"https:\/\/blogdorogeriogomes.com.br\/noticias\/wp-json\/wp\/v2\/posts\/41770\/revisions\/41772"}],"wp:featuredmedia":[{"embeddable":true,"href":"https:\/\/blogdorogeriogomes.com.br\/noticias\/wp-json\/wp\/v2\/media\/41771"}],"wp:attachment":[{"href":"https:\/\/blogdorogeriogomes.com.br\/noticias\/wp-json\/wp\/v2\/media?parent=41770"}],"wp:term":[{"taxonomy":"category","embeddable":true,"href":"https:\/\/blogdorogeriogomes.com.br\/noticias\/wp-json\/wp\/v2\/categories?post=41770"},{"taxonomy":"post_tag","embeddable":true,"href":"https:\/\/blogdorogeriogomes.com.br\/noticias\/wp-json\/wp\/v2\/tags?post=41770"}],"curies":[{"name":"wp","href":"https:\/\/api.w.org\/{rel}","templated":true}]}}