{"id":41773,"date":"2026-08-18T22:51:33","date_gmt":"2026-08-18T22:51:33","guid":{"rendered":"https:\/\/blogdorogeriogomes.com.br\/noticias\/?p=41773"},"modified":"2026-08-18T22:51:34","modified_gmt":"2026-08-18T22:51:34","slug":"davi-alcolumbre-assina-despacho-destrava-pec-do-fim-da-escala-6x1-e-envia-proposta-para-a-ccj-do-senado","status":"publish","type":"post","link":"https:\/\/blogdorogeriogomes.com.br\/noticias\/2026\/08\/davi-alcolumbre-assina-despacho-destrava-pec-do-fim-da-escala-6x1-e-envia-proposta-para-a-ccj-do-senado\/","title":{"rendered":"Davi Alcolumbre assina despacho, destrava PEC do fim da escala 6&#215;1 e envia proposta para a CCJ do Senado"},"content":{"rendered":"\n<p class=\"wp-block-paragraph\">O presidente do Senado Federal, Davi Alcolumbre (Uni\u00e3o-AP), assinou o despacho que destrava a tramita\u00e7\u00e3o da Proposta de Emenda \u00e0 Constitui\u00e7\u00e3o (PEC 221\/2019), que prev\u00ea o fim da jornada de trabalho na escala 6&#215;1. Com a decis\u00e3o, a mat\u00e9ria foi formalmente encaminhada para a Comiss\u00e3o de Constitui\u00e7\u00e3o e Justi\u00e7a (CCJ), colegiado presidido pelo senador Otto Alencar (PSD-BA), onde passar\u00e1 pela primeira an\u00e1lise de admissibilidade jur\u00eddica e m\u00e9rito regulamentar.<\/p>\n\n\n\n<p class=\"wp-block-paragraph\">A proposta de altera\u00e7\u00e3o da jornada m\u00e1xima semanal, aprovada na C\u00e2mara dos Deputados no fim de maio, encontrava-se paralisada na Mesa Diretora do Senado h\u00e1 mais de 80 dias. Alcolumbre vinha resistindo a dar andamento c\u00e9lere ao texto sob a justificativa de que a Casa n\u00e3o atuaria como mera &#8220;carimbadora&#8221; de projetos e que o debate demandava debates aprofundados para evitar interfer\u00eancias no cen\u00e1rio econ\u00f4mico e eleitoral.<\/p>\n\n\n\n<p class=\"wp-block-paragraph\">O avan\u00e7o do texto reflete uma recente consolida\u00e7\u00e3o de di\u00e1logo entre a presid\u00eancia do Congresso Nacional e o Poder Executivo. O despacho de libera\u00e7\u00e3o ocorreu ap\u00f3s sucessivos encontros institucionais entre Alcolumbre e o presidente Luiz In\u00e1cio Lula da Silva, intermediados tamb\u00e9m em agendas p\u00fablicas e jantares de concilia\u00e7\u00e3o pol\u00edtica organizados em Bras\u00edlia. <\/p>\n\n\n\n<p class=\"wp-block-paragraph\">Al\u00e9m do fim da escala 6&#215;1, o senador liberou o tr\u00e2mite coordenado de outros dois projetos priorit\u00e1rios para a gest\u00e3o federal: a PEC da Seguran\u00e7a P\u00fablica e o marco legal dos Minerais Cr\u00edticos e Estrat\u00e9gicos. L\u00edderes governistas celebraram o encaminhamento como um resultado pragm\u00e1tico da coordena\u00e7\u00e3o pol\u00edtica.<\/p>\n\n\n\n<p class=\"wp-block-paragraph\">O Minist\u00e9rio das Rela\u00e7\u00f5es Institucionais e parlamentares alinhados ao Pal\u00e1cio do Planalto apontam a pauta trabalhista como uma das principais bandeiras sociais do governo, gerando forte engajamento popular e press\u00e3o direta de categorias de servi\u00e7os e com\u00e9rcio nas redes sociais.<\/p>\n\n\n\n<p class=\"wp-block-paragraph\">Embora o envio \u00e0 CCJ represente o fim do bloqueio inicial, analistas pol\u00edticos e fontes de bastidores do Senado indicam que o in\u00edcio da tramita\u00e7\u00e3o nas comiss\u00f5es n\u00e3o acelera necessariamente a vota\u00e7\u00e3o no plen\u00e1rio. O presidente da comiss\u00e3o, Otto Alencar, deve definir a relatoria nos pr\u00f3ximos dias, mas o cronograma de vota\u00e7\u00e3o final continua sob o controle pol\u00edtico de Alcolumbre.<\/p>\n\n\n\n<p class=\"wp-block-paragraph\">A avalia\u00e7\u00e3o predominante entre os l\u00edderes partid\u00e1rios \u00e9 de que temas de alta complexidade econ\u00f4mica enfrentam forte oposi\u00e7\u00e3o de setores empresariais, exigindo a realiza\u00e7\u00e3o de audi\u00eancias p\u00fablicas. <\/p>\n\n\n\n<p class=\"wp-block-paragraph\">Diante disso, a tend\u00eancia majorit\u00e1ria aponta que a vota\u00e7\u00e3o em dois turnos no plen\u00e1rio do Senado seja empurrada para o per\u00edodo posterior ao segundo turno das elei\u00e7\u00f5es, preservando o calend\u00e1rio legislativo de desgastes diretos durante o per\u00edodo de campanha eleitoral.<\/p>\n\n\n\n<figure class=\"wp-block-image size-full\"><img loading=\"lazy\" decoding=\"async\" width=\"984\" height=\"655\" src=\"https:\/\/blogdorogeriogomes.com.br\/noticias\/wp-content\/uploads\/2026\/08\/alcolumbre.jpg\" alt=\"\" class=\"wp-image-41774\" srcset=\"https:\/\/blogdorogeriogomes.com.br\/noticias\/wp-content\/uploads\/2026\/08\/alcolumbre.jpg 984w, https:\/\/blogdorogeriogomes.com.br\/noticias\/wp-content\/uploads\/2026\/08\/alcolumbre-300x200.jpg 300w, https:\/\/blogdorogeriogomes.com.br\/noticias\/wp-content\/uploads\/2026\/08\/alcolumbre-768x511.jpg 768w, https:\/\/blogdorogeriogomes.com.br\/noticias\/wp-content\/uploads\/2026\/08\/alcolumbre-800x533.jpg 800w\" sizes=\"auto, (max-width: 984px) 100vw, 984px\" \/><\/figure>\n","protected":false},"excerpt":{"rendered":"<p>O presidente do Senado Federal, Davi Alcolumbre (Uni\u00e3o-AP), assinou o despacho que destrava a tramita\u00e7\u00e3o da Proposta de Emenda \u00e0 Constitui\u00e7\u00e3o (PEC 221\/2019), que prev\u00ea o fim da jornada de trabalho na escala 6&#215;1. Com a decis\u00e3o, a mat\u00e9ria foi formalmente encaminhada para a Comiss\u00e3o de Constitui\u00e7\u00e3o e Justi\u00e7a (CCJ), colegiado presidido pelo senador Otto Alencar (PSD-BA), onde passar\u00e1 pela primeira an\u00e1lise de admissibilidade jur\u00eddica e m\u00e9rito regulamentar. A proposta de altera\u00e7\u00e3o da jornada m\u00e1xima semanal, aprovada na C\u00e2mara&hellip;<\/p>\n","protected":false},"author":1,"featured_media":41774,"comment_status":"open","ping_status":"open","sticky":false,"template":"","format":"standard","meta":{"footnotes":""},"categories":[1],"tags":[],"class_list":["post-41773","post","type-post","status-publish","format-standard","has-post-thumbnail","hentry","category-noticias"],"_links":{"self":[{"href":"https:\/\/blogdorogeriogomes.com.br\/noticias\/wp-json\/wp\/v2\/posts\/41773","targetHints":{"allow":["GET"]}}],"collection":[{"href":"https:\/\/blogdorogeriogomes.com.br\/noticias\/wp-json\/wp\/v2\/posts"}],"about":[{"href":"https:\/\/blogdorogeriogomes.com.br\/noticias\/wp-json\/wp\/v2\/types\/post"}],"author":[{"embeddable":true,"href":"https:\/\/blogdorogeriogomes.com.br\/noticias\/wp-json\/wp\/v2\/users\/1"}],"replies":[{"embeddable":true,"href":"https:\/\/blogdorogeriogomes.com.br\/noticias\/wp-json\/wp\/v2\/comments?post=41773"}],"version-history":[{"count":1,"href":"https:\/\/blogdorogeriogomes.com.br\/noticias\/wp-json\/wp\/v2\/posts\/41773\/revisions"}],"predecessor-version":[{"id":41775,"href":"https:\/\/blogdorogeriogomes.com.br\/noticias\/wp-json\/wp\/v2\/posts\/41773\/revisions\/41775"}],"wp:featuredmedia":[{"embeddable":true,"href":"https:\/\/blogdorogeriogomes.com.br\/noticias\/wp-json\/wp\/v2\/media\/41774"}],"wp:attachment":[{"href":"https:\/\/blogdorogeriogomes.com.br\/noticias\/wp-json\/wp\/v2\/media?parent=41773"}],"wp:term":[{"taxonomy":"category","embeddable":true,"href":"https:\/\/blogdorogeriogomes.com.br\/noticias\/wp-json\/wp\/v2\/categories?post=41773"},{"taxonomy":"post_tag","embeddable":true,"href":"https:\/\/blogdorogeriogomes.com.br\/noticias\/wp-json\/wp\/v2\/tags?post=41773"}],"curies":[{"name":"wp","href":"https:\/\/api.w.org\/{rel}","templated":true}]}}