{"id":41776,"date":"2026-08-18T23:01:48","date_gmt":"2026-08-18T23:01:48","guid":{"rendered":"https:\/\/blogdorogeriogomes.com.br\/noticias\/?p=41776"},"modified":"2026-08-18T23:01:49","modified_gmt":"2026-08-18T23:01:49","slug":"santa-casa-de-morada-nova-recebera-r-8-milhoes-anuais-apos-sancao-de-nova-lei-pelo-governador-elmano-de-freitas","status":"publish","type":"post","link":"https:\/\/blogdorogeriogomes.com.br\/noticias\/2026\/08\/santa-casa-de-morada-nova-recebera-r-8-milhoes-anuais-apos-sancao-de-nova-lei-pelo-governador-elmano-de-freitas\/","title":{"rendered":"Santa Casa de Morada Nova receber\u00e1 R$ 8 milh\u00f5es anuais ap\u00f3s san\u00e7\u00e3o de nova lei pelo governador Elmano de Freitas"},"content":{"rendered":"\n<p class=\"wp-block-paragraph\">O governador do Cear\u00e1, Elmano de Freitas, sancionou a lei que garante o repasse anual de R$ 8 milh\u00f5es para a Santa Casa de Miseric\u00f3rdia de Morada Nova. O texto ser\u00e1 publicado na edi\u00e7\u00e3o do Di\u00e1rio Oficial do Estado desta ter\u00e7a-feira, dia 18 de agosto.<\/p>\n\n\n\n<p class=\"wp-block-paragraph\">O montante ser\u00e1 destinado integralmente ao fortalecimento dos servi\u00e7os de sa\u00fade oferecidos pelo Sistema \u00danico de Sa\u00fade (SUS). O objetivo principal \u00e9 ampliar o atendimento e melhorar a infraestrutura hospitalar para a popula\u00e7\u00e3o do munic\u00edpio.<\/p>\n\n\n\n<p class=\"wp-block-paragraph\">A conquista \u00e9 fruto de uma articula\u00e7\u00e3o direta entre o Governo do Estado, a prefeita Naiara Castro e lideran\u00e7as pol\u00edticas como o senador Cid Gomes (PSB). O investimento soma-se a outras a\u00e7\u00f5es recentes direcionadas \u00e0 sa\u00fade da regi\u00e3o.<\/p>\n\n\n\n<p class=\"wp-block-paragraph\">De acordo com as lideran\u00e7as, o repasse cont\u00ednuo assegura maior estabilidade financeira para a gest\u00e3o da Santa Casa. Isso reflete o impacto positivo do trabalho conjunto focado nas demandas priorit\u00e1rias do povo moradense.<\/p>\n\n\n\n<figure class=\"wp-block-image size-large\"><img loading=\"lazy\" decoding=\"async\" width=\"1024\" height=\"683\" src=\"https:\/\/blogdorogeriogomes.com.br\/noticias\/wp-content\/uploads\/2026\/08\/IMG-20260818-WA0148-1024x683.jpg\" alt=\"\" class=\"wp-image-41777\" srcset=\"https:\/\/blogdorogeriogomes.com.br\/noticias\/wp-content\/uploads\/2026\/08\/IMG-20260818-WA0148-1024x683.jpg 1024w, https:\/\/blogdorogeriogomes.com.br\/noticias\/wp-content\/uploads\/2026\/08\/IMG-20260818-WA0148-300x200.jpg 300w, https:\/\/blogdorogeriogomes.com.br\/noticias\/wp-content\/uploads\/2026\/08\/IMG-20260818-WA0148-768x512.jpg 768w, https:\/\/blogdorogeriogomes.com.br\/noticias\/wp-content\/uploads\/2026\/08\/IMG-20260818-WA0148-800x533.jpg 800w, https:\/\/blogdorogeriogomes.com.br\/noticias\/wp-content\/uploads\/2026\/08\/IMG-20260818-WA0148.jpg 1080w\" sizes=\"auto, (max-width: 1024px) 100vw, 1024px\" \/><\/figure>\n\n\n\n<hr class=\"wp-block-separator has-alpha-channel-opacity\"\/>\n","protected":false},"excerpt":{"rendered":"<p>O governador do Cear\u00e1, Elmano de Freitas, sancionou a lei que garante o repasse anual de R$ 8 milh\u00f5es para a Santa Casa de Miseric\u00f3rdia de Morada Nova. O texto ser\u00e1 publicado na edi\u00e7\u00e3o do Di\u00e1rio Oficial do Estado desta ter\u00e7a-feira, dia 18 de agosto. O montante ser\u00e1 destinado integralmente ao fortalecimento dos servi\u00e7os de sa\u00fade oferecidos pelo Sistema \u00danico de Sa\u00fade (SUS). O objetivo principal \u00e9 ampliar o atendimento e melhorar a infraestrutura hospitalar para a popula\u00e7\u00e3o do&hellip;<\/p>\n","protected":false},"author":1,"featured_media":41777,"comment_status":"open","ping_status":"open","sticky":false,"template":"","format":"standard","meta":{"footnotes":""},"categories":[1],"tags":[],"class_list":["post-41776","post","type-post","status-publish","format-standard","has-post-thumbnail","hentry","category-noticias"],"_links":{"self":[{"href":"https:\/\/blogdorogeriogomes.com.br\/noticias\/wp-json\/wp\/v2\/posts\/41776","targetHints":{"allow":["GET"]}}],"collection":[{"href":"https:\/\/blogdorogeriogomes.com.br\/noticias\/wp-json\/wp\/v2\/posts"}],"about":[{"href":"https:\/\/blogdorogeriogomes.com.br\/noticias\/wp-json\/wp\/v2\/types\/post"}],"author":[{"embeddable":true,"href":"https:\/\/blogdorogeriogomes.com.br\/noticias\/wp-json\/wp\/v2\/users\/1"}],"replies":[{"embeddable":true,"href":"https:\/\/blogdorogeriogomes.com.br\/noticias\/wp-json\/wp\/v2\/comments?post=41776"}],"version-history":[{"count":1,"href":"https:\/\/blogdorogeriogomes.com.br\/noticias\/wp-json\/wp\/v2\/posts\/41776\/revisions"}],"predecessor-version":[{"id":41778,"href":"https:\/\/blogdorogeriogomes.com.br\/noticias\/wp-json\/wp\/v2\/posts\/41776\/revisions\/41778"}],"wp:featuredmedia":[{"embeddable":true,"href":"https:\/\/blogdorogeriogomes.com.br\/noticias\/wp-json\/wp\/v2\/media\/41777"}],"wp:attachment":[{"href":"https:\/\/blogdorogeriogomes.com.br\/noticias\/wp-json\/wp\/v2\/media?parent=41776"}],"wp:term":[{"taxonomy":"category","embeddable":true,"href":"https:\/\/blogdorogeriogomes.com.br\/noticias\/wp-json\/wp\/v2\/categories?post=41776"},{"taxonomy":"post_tag","embeddable":true,"href":"https:\/\/blogdorogeriogomes.com.br\/noticias\/wp-json\/wp\/v2\/tags?post=41776"}],"curies":[{"name":"wp","href":"https:\/\/api.w.org\/{rel}","templated":true}]}}