{"id":41779,"date":"2026-08-19T10:46:18","date_gmt":"2026-08-19T10:46:18","guid":{"rendered":"https:\/\/blogdorogeriogomes.com.br\/noticias\/?p=41779"},"modified":"2026-08-19T10:46:19","modified_gmt":"2026-08-19T10:46:19","slug":"em-agenda-na-capital-ciro-gomes-concede-entrevistas-e-participa-do-lancamento-de-comites-de-aliados","status":"publish","type":"post","link":"https:\/\/blogdorogeriogomes.com.br\/noticias\/2026\/08\/em-agenda-na-capital-ciro-gomes-concede-entrevistas-e-participa-do-lancamento-de-comites-de-aliados\/","title":{"rendered":"Em agenda na Capital,  Ciro Gomes concede entrevistas e participa do lan\u00e7amento de comit\u00eas de aliados"},"content":{"rendered":"\n<p class=\"wp-block-paragraph\">O ex-ministro Ciro Gomes (PSDB) prioriza agendas em Fortaleza no in\u00edcio da semana.  Concede entrevistas a emissoras de TV nesta quarta-feira, dia 19 de agosto, e participa \u00e0 noite fo lan\u00e7amento de um comit\u00ea eleitoral de uma aliada no Conjunto Cear\u00e1. <\/p>\n\n\n\n<p class=\"wp-block-paragraph\">Ciro Gomes esteve ontem na inaugura\u00e7\u00e3o do comit\u00ea do deputado federal Danilo Forte (PP), no bairro Meireles, em Fortaleza. O tucano afirmou que &#8220;deixou as diferen\u00e7as de lado&#8221; para reunir um grupo pol\u00edtico com diverg\u00eancias na pol\u00edtica nacional para concorrer nas elei\u00e7\u00f5es deste ano. Entre os nomes de ex-advers\u00e1rios que passaram a apoiar Ciro est\u00e3o Andr\u00e9 Fernandes (PL) e Capit\u00e3o Wagner (Uni\u00e3o).<\/p>\n\n\n\n<figure class=\"wp-block-image size-large\"><img loading=\"lazy\" decoding=\"async\" width=\"1024\" height=\"740\" src=\"https:\/\/blogdorogeriogomes.com.br\/noticias\/wp-content\/uploads\/2026\/08\/IMG-20260819-WA0013-1024x740.jpg\" alt=\"\" class=\"wp-image-41780\" srcset=\"https:\/\/blogdorogeriogomes.com.br\/noticias\/wp-content\/uploads\/2026\/08\/IMG-20260819-WA0013-1024x740.jpg 1024w, https:\/\/blogdorogeriogomes.com.br\/noticias\/wp-content\/uploads\/2026\/08\/IMG-20260819-WA0013-300x217.jpg 300w, https:\/\/blogdorogeriogomes.com.br\/noticias\/wp-content\/uploads\/2026\/08\/IMG-20260819-WA0013-768x555.jpg 768w, https:\/\/blogdorogeriogomes.com.br\/noticias\/wp-content\/uploads\/2026\/08\/IMG-20260819-WA0013-1536x1109.jpg 1536w, https:\/\/blogdorogeriogomes.com.br\/noticias\/wp-content\/uploads\/2026\/08\/IMG-20260819-WA0013-800x578.jpg 800w, https:\/\/blogdorogeriogomes.com.br\/noticias\/wp-content\/uploads\/2026\/08\/IMG-20260819-WA0013.jpg 2048w\" sizes=\"auto, (max-width: 1024px) 100vw, 1024px\" \/><\/figure>\n","protected":false},"excerpt":{"rendered":"<p>O ex-ministro Ciro Gomes (PSDB) prioriza agendas em Fortaleza no in\u00edcio da semana. Concede entrevistas a emissoras de TV nesta quarta-feira, dia 19 de agosto, e participa \u00e0 noite fo lan\u00e7amento de um comit\u00ea eleitoral de uma aliada no Conjunto Cear\u00e1. Ciro Gomes esteve ontem na inaugura\u00e7\u00e3o do comit\u00ea do deputado federal Danilo Forte (PP), no bairro Meireles, em Fortaleza. O tucano afirmou que &#8220;deixou as diferen\u00e7as de lado&#8221; para reunir um grupo pol\u00edtico com diverg\u00eancias na pol\u00edtica nacional&hellip;<\/p>\n","protected":false},"author":1,"featured_media":41780,"comment_status":"open","ping_status":"open","sticky":false,"template":"","format":"standard","meta":{"footnotes":""},"categories":[1],"tags":[],"class_list":["post-41779","post","type-post","status-publish","format-standard","has-post-thumbnail","hentry","category-noticias"],"_links":{"self":[{"href":"https:\/\/blogdorogeriogomes.com.br\/noticias\/wp-json\/wp\/v2\/posts\/41779","targetHints":{"allow":["GET"]}}],"collection":[{"href":"https:\/\/blogdorogeriogomes.com.br\/noticias\/wp-json\/wp\/v2\/posts"}],"about":[{"href":"https:\/\/blogdorogeriogomes.com.br\/noticias\/wp-json\/wp\/v2\/types\/post"}],"author":[{"embeddable":true,"href":"https:\/\/blogdorogeriogomes.com.br\/noticias\/wp-json\/wp\/v2\/users\/1"}],"replies":[{"embeddable":true,"href":"https:\/\/blogdorogeriogomes.com.br\/noticias\/wp-json\/wp\/v2\/comments?post=41779"}],"version-history":[{"count":1,"href":"https:\/\/blogdorogeriogomes.com.br\/noticias\/wp-json\/wp\/v2\/posts\/41779\/revisions"}],"predecessor-version":[{"id":41781,"href":"https:\/\/blogdorogeriogomes.com.br\/noticias\/wp-json\/wp\/v2\/posts\/41779\/revisions\/41781"}],"wp:featuredmedia":[{"embeddable":true,"href":"https:\/\/blogdorogeriogomes.com.br\/noticias\/wp-json\/wp\/v2\/media\/41780"}],"wp:attachment":[{"href":"https:\/\/blogdorogeriogomes.com.br\/noticias\/wp-json\/wp\/v2\/media?parent=41779"}],"wp:term":[{"taxonomy":"category","embeddable":true,"href":"https:\/\/blogdorogeriogomes.com.br\/noticias\/wp-json\/wp\/v2\/categories?post=41779"},{"taxonomy":"post_tag","embeddable":true,"href":"https:\/\/blogdorogeriogomes.com.br\/noticias\/wp-json\/wp\/v2\/tags?post=41779"}],"curies":[{"name":"wp","href":"https:\/\/api.w.org\/{rel}","templated":true}]}}