{"id":41782,"date":"2026-08-19T11:00:48","date_gmt":"2026-08-19T11:00:48","guid":{"rendered":"https:\/\/blogdorogeriogomes.com.br\/noticias\/?p=41782"},"modified":"2026-08-19T11:00:48","modified_gmt":"2026-08-19T11:00:48","slug":"elmano-de-freitas-realiza-carreata-em-tabuleiro-do-norte-e-palhano-nesta-quarta-feira-governador-prestigiou-inauguracao-do-comite-de-andre-figueiredo","status":"publish","type":"post","link":"https:\/\/blogdorogeriogomes.com.br\/noticias\/2026\/08\/elmano-de-freitas-realiza-carreata-em-tabuleiro-do-norte-e-palhano-nesta-quarta-feira-governador-prestigiou-inauguracao-do-comite-de-andre-figueiredo\/","title":{"rendered":"Elmano de Freitas realiza carreata em Tabuleiro do Norte e Palhano nesta quarta-feira. Governador prestigiou inaugura\u00e7\u00e3o do comit\u00ea de Andr\u00e9 Figueiredo"},"content":{"rendered":"\n<p class=\"wp-block-paragraph\">O governador Elmano de Freitas (PT) iniciou as atividades desta quarta-feira, dia 19 de agosto, com uma caminhada no bairro Aracap\u00e9, em Fortaleza. \u00c0 tarde, Elmano tem carreatas nos munic\u00edpios de Palhano e Tabuleiro do Norte.<\/p>\n\n\n\n<p class=\"wp-block-paragraph\">Elmano esteve ontem em uma caminhada no Geniba\u00fa, em Fortaleza. Pela tarde, o petista deu entrevista a um ve\u00edculo local e participou de uma caminhada na Comunidade das Quadras, na Aldeota, na capital cearense.<\/p>\n\n\n\n<p class=\"wp-block-paragraph\">O petista tamb\u00e9m prestigiou, \u00e0 noite, a inaugura\u00e7\u00e3o do comit\u00ea do deputado federal Andr\u00e9 Figueiredo (PDT), no Manuel Dias Branco, em Fortaleza. Elmano participou ainda da inaugura\u00e7\u00e3o do comit\u00ea do PSD, no bairro Meireles.<\/p>\n\n\n\n<p class=\"wp-block-paragraph\">&#8220;Seguimos juntos, Andre\u0301 Figueiredo! Estivemos na inaugura\u00e7\u00e3o do comit\u00ea desse grande companheiro e parceiro, fortalecendo uma caminhada constru\u00edda com muito trabalho e compromisso com o nosso povo. Com uni\u00e3o e trabalho, seguimos construindo um Cear\u00e1 forte, do lado certo&#8221;, disse Elmano. <\/p>\n\n\n\n<figure class=\"wp-block-image size-large\"><img loading=\"lazy\" decoding=\"async\" width=\"770\" height=\"1024\" src=\"https:\/\/blogdorogeriogomes.com.br\/noticias\/wp-content\/uploads\/2026\/08\/IMG-20260819-WA0012-770x1024.jpg\" alt=\"\" class=\"wp-image-41784\" srcset=\"https:\/\/blogdorogeriogomes.com.br\/noticias\/wp-content\/uploads\/2026\/08\/IMG-20260819-WA0012-770x1024.jpg 770w, https:\/\/blogdorogeriogomes.com.br\/noticias\/wp-content\/uploads\/2026\/08\/IMG-20260819-WA0012-225x300.jpg 225w, https:\/\/blogdorogeriogomes.com.br\/noticias\/wp-content\/uploads\/2026\/08\/IMG-20260819-WA0012-768x1022.jpg 768w, https:\/\/blogdorogeriogomes.com.br\/noticias\/wp-content\/uploads\/2026\/08\/IMG-20260819-WA0012-800x1064.jpg 800w, https:\/\/blogdorogeriogomes.com.br\/noticias\/wp-content\/uploads\/2026\/08\/IMG-20260819-WA0012.jpg 811w\" sizes=\"auto, (max-width: 770px) 100vw, 770px\" \/><\/figure>\n","protected":false},"excerpt":{"rendered":"<p>O governador Elmano de Freitas (PT) iniciou as atividades desta quarta-feira, dia 19 de agosto, com uma caminhada no bairro Aracap\u00e9, em Fortaleza. \u00c0 tarde, Elmano tem carreatas nos munic\u00edpios de Palhano e Tabuleiro do Norte. Elmano esteve ontem em uma caminhada no Geniba\u00fa, em Fortaleza. Pela tarde, o petista deu entrevista a um ve\u00edculo local e participou de uma caminhada na Comunidade das Quadras, na Aldeota, na capital cearense. O petista tamb\u00e9m prestigiou, \u00e0 noite, a inaugura\u00e7\u00e3o do&hellip;<\/p>\n","protected":false},"author":1,"featured_media":41784,"comment_status":"open","ping_status":"open","sticky":false,"template":"","format":"standard","meta":{"footnotes":""},"categories":[1],"tags":[],"class_list":["post-41782","post","type-post","status-publish","format-standard","has-post-thumbnail","hentry","category-noticias"],"_links":{"self":[{"href":"https:\/\/blogdorogeriogomes.com.br\/noticias\/wp-json\/wp\/v2\/posts\/41782","targetHints":{"allow":["GET"]}}],"collection":[{"href":"https:\/\/blogdorogeriogomes.com.br\/noticias\/wp-json\/wp\/v2\/posts"}],"about":[{"href":"https:\/\/blogdorogeriogomes.com.br\/noticias\/wp-json\/wp\/v2\/types\/post"}],"author":[{"embeddable":true,"href":"https:\/\/blogdorogeriogomes.com.br\/noticias\/wp-json\/wp\/v2\/users\/1"}],"replies":[{"embeddable":true,"href":"https:\/\/blogdorogeriogomes.com.br\/noticias\/wp-json\/wp\/v2\/comments?post=41782"}],"version-history":[{"count":1,"href":"https:\/\/blogdorogeriogomes.com.br\/noticias\/wp-json\/wp\/v2\/posts\/41782\/revisions"}],"predecessor-version":[{"id":41785,"href":"https:\/\/blogdorogeriogomes.com.br\/noticias\/wp-json\/wp\/v2\/posts\/41782\/revisions\/41785"}],"wp:featuredmedia":[{"embeddable":true,"href":"https:\/\/blogdorogeriogomes.com.br\/noticias\/wp-json\/wp\/v2\/media\/41784"}],"wp:attachment":[{"href":"https:\/\/blogdorogeriogomes.com.br\/noticias\/wp-json\/wp\/v2\/media?parent=41782"}],"wp:term":[{"taxonomy":"category","embeddable":true,"href":"https:\/\/blogdorogeriogomes.com.br\/noticias\/wp-json\/wp\/v2\/categories?post=41782"},{"taxonomy":"post_tag","embeddable":true,"href":"https:\/\/blogdorogeriogomes.com.br\/noticias\/wp-json\/wp\/v2\/tags?post=41782"}],"curies":[{"name":"wp","href":"https:\/\/api.w.org\/{rel}","templated":true}]}}