{"id":41786,"date":"2026-08-19T11:18:41","date_gmt":"2026-08-19T11:18:41","guid":{"rendered":"https:\/\/blogdorogeriogomes.com.br\/noticias\/?p=41786"},"modified":"2026-08-19T11:18:41","modified_gmt":"2026-08-19T11:18:41","slug":"alexandre-de-moraes-e-flavio-dino-defendem-que-stf-reavalie-fim-da-exigencia-de-diploma-para-jornalistas","status":"publish","type":"post","link":"https:\/\/blogdorogeriogomes.com.br\/noticias\/2026\/08\/alexandre-de-moraes-e-flavio-dino-defendem-que-stf-reavalie-fim-da-exigencia-de-diploma-para-jornalistas\/","title":{"rendered":"Alexandre de Moraes e Fl\u00e1vio Dino defendem que STF reavalie fim da exig\u00eancia de diploma para jornalistas"},"content":{"rendered":"\n<p class=\"wp-block-paragraph\">Os ministros Fl\u00e1vio Dino e Alexandre de Moraes, do Supremo Tribunal Federal (STF), defenderam a necessidade de a Corte reavaliar a decis\u00e3o que extinguiu a obrigatoriedade do diploma de curso superior para o exerc\u00edcio do jornalismo. A manifesta\u00e7\u00e3o ocorreu durante a sess\u00e3o da Primeira Turma do tribunal, em meio ao julgamento de uma a\u00e7\u00e3o sobre direito de resposta envolvendo o Grupo Globo. <\/p>\n\n\n\n<p class=\"wp-block-paragraph\">Os magistrados argumentaram que o atual cen\u00e1rio digital e a prolifera\u00e7\u00e3o das redes sociais desfiguraram o ecossistema de informa\u00e7\u00e3o, exigindo um novo marco regulat\u00f3rio para a profiss\u00e3o. O impacto das redes sociais e o crime organizadoDurante o seu voto, o ministro Fl\u00e1vio Dino ressaltou que a dispensa da forma\u00e7\u00e3o acad\u00eamica espec\u00edfica tornou-se um &#8220;complicador&#8221; para o Judici\u00e1rio. <\/p>\n\n\n\n<p class=\"wp-block-paragraph\">Segundo o magistrado, a aus\u00eancia de um crit\u00e9rio t\u00e9cnico dificulta a distin\u00e7\u00e3o de quem realmente faz jornalismo profissional daqueles que utilizam canais virtuais apenas para disseminar desinforma\u00e7\u00e3o. Dino alertou ainda para o risco de organiza\u00e7\u00f5es criminosas se aproveitarem da prote\u00e7\u00e3o da imprensa.<\/p>\n\n\n\n<p class=\"wp-block-paragraph\">O ministro Alexandre de Moraes concordou integralmente com a provoca\u00e7\u00e3o e declarou que &#8220;est\u00e1 na hora de refletirmos sobre a quest\u00e3o do diploma&#8221;. Moraes criticou a postura de indiv\u00edduos que criam p\u00e1ginas na internet unicamente para atacar a honra de terceiros, tentando se esquivar de puni\u00e7\u00f5es legais ao invocar falsamente prerrogativas constitucionais como o sigilo da fonte. &#8220;Qualquer pessoa acorda e pensa: &#8216;a partir de hoje, vou ser jornalista&#8217;. Come\u00e7a no seu blog a atacar pessoas e a se escorar na liberdade de imprensa. Claramente n\u00e3o podemos normalizar isso&#8221;. <\/p>\n\n\n\n<p class=\"wp-block-paragraph\">Moraes sugeriu que, caso o plen\u00e1rio reveja a tese, a Corte adote uma regra de transi\u00e7\u00e3o. Essa medida asseguraria a regularidade profissional de comunicadores experientes que j\u00e1 atuam seriamente no mercado de trabalho sem o diploma superior. <\/p>\n\n\n\n<p class=\"wp-block-paragraph\">A obrigatoriedade do diploma para jornalistas foi derrubada pelo STF em 2009 por 8 votos a 1. Na ocasi\u00e3o, a maioria dos ministros seguiu o voto do relator Gilmar Mendes. O plen\u00e1rio entendeu que o Decreto-Lei 972 de 1969, editado durante a ditadura militar, violava o direito \u00e0 livre express\u00e3o e \u00e0 plena manifesta\u00e7\u00e3o do pensamento. Nem Dino, nem Moraes, nem Cristiano Zanin integravam a Corte na \u00e9poca daquele julgamento.<\/p>\n\n\n\n<p class=\"wp-block-paragraph\">O posicionamento dos ministros foi recebido positivamente por entidades de classe. A Federa\u00e7\u00e3o Nacional dos Jornalistas (Fenaj) e sindicatos regionais, como o Sindicato dos Jornalistas Profissionais no Estado do Cear\u00e1 (Sindjorce), refor\u00e7aram que a exig\u00eancia da forma\u00e7\u00e3o superior valoriza a responsabilidade social da profiss\u00e3o e combate abusos \u00e9ticos sem ferir a liberdade de opini\u00e3o do cidad\u00e3o comum.<\/p>\n\n\n\n<figure class=\"wp-block-image size-large\"><img loading=\"lazy\" decoding=\"async\" width=\"1024\" height=\"481\" src=\"https:\/\/blogdorogeriogomes.com.br\/noticias\/wp-content\/uploads\/2026\/08\/186990dino-e-moraes-sugerem-que-stf-volte-a-discutir-diploma-para-jornalistas-3-1024x481.jpg\" alt=\"\" class=\"wp-image-41787\" srcset=\"https:\/\/blogdorogeriogomes.com.br\/noticias\/wp-content\/uploads\/2026\/08\/186990dino-e-moraes-sugerem-que-stf-volte-a-discutir-diploma-para-jornalistas-3-1024x481.jpg 1024w, https:\/\/blogdorogeriogomes.com.br\/noticias\/wp-content\/uploads\/2026\/08\/186990dino-e-moraes-sugerem-que-stf-volte-a-discutir-diploma-para-jornalistas-3-300x141.jpg 300w, https:\/\/blogdorogeriogomes.com.br\/noticias\/wp-content\/uploads\/2026\/08\/186990dino-e-moraes-sugerem-que-stf-volte-a-discutir-diploma-para-jornalistas-3-768x361.jpg 768w, https:\/\/blogdorogeriogomes.com.br\/noticias\/wp-content\/uploads\/2026\/08\/186990dino-e-moraes-sugerem-que-stf-volte-a-discutir-diploma-para-jornalistas-3-1536x722.jpg 1536w, https:\/\/blogdorogeriogomes.com.br\/noticias\/wp-content\/uploads\/2026\/08\/186990dino-e-moraes-sugerem-que-stf-volte-a-discutir-diploma-para-jornalistas-3-800x376.jpg 800w, https:\/\/blogdorogeriogomes.com.br\/noticias\/wp-content\/uploads\/2026\/08\/186990dino-e-moraes-sugerem-que-stf-volte-a-discutir-diploma-para-jornalistas-3.jpg 1600w\" sizes=\"auto, (max-width: 1024px) 100vw, 1024px\" \/><\/figure>\n\n\n\n<p class=\"wp-block-paragraph\"><\/p>\n","protected":false},"excerpt":{"rendered":"<p>Os ministros Fl\u00e1vio Dino e Alexandre de Moraes, do Supremo Tribunal Federal (STF), defenderam a necessidade de a Corte reavaliar a decis\u00e3o que extinguiu a obrigatoriedade do diploma de curso superior para o exerc\u00edcio do jornalismo. A manifesta\u00e7\u00e3o ocorreu durante a sess\u00e3o da Primeira Turma do tribunal, em meio ao julgamento de uma a\u00e7\u00e3o sobre direito de resposta envolvendo o Grupo Globo. Os magistrados argumentaram que o atual cen\u00e1rio digital e a prolifera\u00e7\u00e3o das redes sociais desfiguraram o ecossistema&hellip;<\/p>\n","protected":false},"author":1,"featured_media":41787,"comment_status":"open","ping_status":"open","sticky":false,"template":"","format":"standard","meta":{"footnotes":""},"categories":[1],"tags":[],"class_list":["post-41786","post","type-post","status-publish","format-standard","has-post-thumbnail","hentry","category-noticias"],"_links":{"self":[{"href":"https:\/\/blogdorogeriogomes.com.br\/noticias\/wp-json\/wp\/v2\/posts\/41786","targetHints":{"allow":["GET"]}}],"collection":[{"href":"https:\/\/blogdorogeriogomes.com.br\/noticias\/wp-json\/wp\/v2\/posts"}],"about":[{"href":"https:\/\/blogdorogeriogomes.com.br\/noticias\/wp-json\/wp\/v2\/types\/post"}],"author":[{"embeddable":true,"href":"https:\/\/blogdorogeriogomes.com.br\/noticias\/wp-json\/wp\/v2\/users\/1"}],"replies":[{"embeddable":true,"href":"https:\/\/blogdorogeriogomes.com.br\/noticias\/wp-json\/wp\/v2\/comments?post=41786"}],"version-history":[{"count":1,"href":"https:\/\/blogdorogeriogomes.com.br\/noticias\/wp-json\/wp\/v2\/posts\/41786\/revisions"}],"predecessor-version":[{"id":41788,"href":"https:\/\/blogdorogeriogomes.com.br\/noticias\/wp-json\/wp\/v2\/posts\/41786\/revisions\/41788"}],"wp:featuredmedia":[{"embeddable":true,"href":"https:\/\/blogdorogeriogomes.com.br\/noticias\/wp-json\/wp\/v2\/media\/41787"}],"wp:attachment":[{"href":"https:\/\/blogdorogeriogomes.com.br\/noticias\/wp-json\/wp\/v2\/media?parent=41786"}],"wp:term":[{"taxonomy":"category","embeddable":true,"href":"https:\/\/blogdorogeriogomes.com.br\/noticias\/wp-json\/wp\/v2\/categories?post=41786"},{"taxonomy":"post_tag","embeddable":true,"href":"https:\/\/blogdorogeriogomes.com.br\/noticias\/wp-json\/wp\/v2\/tags?post=41786"}],"curies":[{"name":"wp","href":"https:\/\/api.w.org\/{rel}","templated":true}]}}