{"id":41789,"date":"2026-08-20T09:09:11","date_gmt":"2026-08-20T09:09:11","guid":{"rendered":"https:\/\/blogdorogeriogomes.com.br\/noticias\/?p=41789"},"modified":"2026-08-20T09:09:11","modified_gmt":"2026-08-20T09:09:11","slug":"romeu-aldigueri-e-tainah-marinho-insuguram-comite-em-fortaleza-com-participacao-de-liderancas-de-varios-partidos","status":"publish","type":"post","link":"https:\/\/blogdorogeriogomes.com.br\/noticias\/2026\/08\/romeu-aldigueri-e-tainah-marinho-insuguram-comite-em-fortaleza-com-participacao-de-liderancas-de-varios-partidos\/","title":{"rendered":"Romeu Aldigueri e Tainah Marinho insuguram comit\u00ea em Fortaleza com participa\u00e7\u00e3o de lideran\u00e7as de v\u00e1rios partidos"},"content":{"rendered":"\n<p class=\"wp-block-paragraph\">O presidente da Assembleia Legislativa do Cear\u00e1 (Alece), Romeu Aldigueri (PSB), inaugurou oficialmente seu comit\u00ea central de campanha em Fortaleza com a presen\u00e7a do senador Cid Gomes (PSB). O evento pol\u00edtico ocorreu na noite desta quarta-feira, dia 19 de agosto, na Avenida Washington Soares, servindo como ponto estrat\u00e9gico para a mobiliza\u00e7\u00e3o das elei\u00e7\u00f5es de 2026.<\/p>\n\n\n\n<p class=\"wp-block-paragraph\">No espa\u00e7o, Romeu Aldigueri lan\u00e7ou sua campanha de reelei\u00e7\u00e3o para deputado estadual. O ato ocorreu em conjunto com sua esposa, Tainah Marinho (PSB), candidata a deputada federal. Al\u00e9m do senador Cid Gomes, o ato contou com o apoio do prefeito de Fortaleza, Evandro Leit\u00e3o, e da vice-governadora do estado, Jade Romero. O prefeito de Fortaleza,  Evandro Leit\u00e3o (PT), tamb\u00e9m prestigiou o evento. <\/p>\n\n\n\n<p class=\"wp-block-paragraph\">Cid Gomes, que concorrer \u00e0 reelei\u00e7\u00e3o no Senado, discursou refor\u00e7ando que a dupla estar\u00e1 entre as candidaturas mais votadas do Cear\u00e1. Ele tamb\u00e9m defendeu o projeto governista do bloco no estado.<\/p>\n\n\n\n<p class=\"wp-block-paragraph\">Romeu Aldigueri inicialmente planejava concorrer \u00e0 C\u00e2mara Federal. A decis\u00e3o de concorrer novamente \u00e0 Alece atendeu a um pedido de Cid Gomes, Camilo Santana e do governador Elmano de Freitas para manter a estabilidade no legislativo cearense.<\/p>\n\n\n\n<figure class=\"wp-block-image size-full\"><img loading=\"lazy\" decoding=\"async\" width=\"750\" height=\"500\" src=\"https:\/\/blogdorogeriogomes.com.br\/noticias\/wp-content\/uploads\/2026\/08\/a384411920354855b101a5cc8b780104.jpg\" alt=\"\" class=\"wp-image-41790\" srcset=\"https:\/\/blogdorogeriogomes.com.br\/noticias\/wp-content\/uploads\/2026\/08\/a384411920354855b101a5cc8b780104.jpg 750w, https:\/\/blogdorogeriogomes.com.br\/noticias\/wp-content\/uploads\/2026\/08\/a384411920354855b101a5cc8b780104-300x200.jpg 300w\" sizes=\"auto, (max-width: 750px) 100vw, 750px\" \/><\/figure>\n","protected":false},"excerpt":{"rendered":"<p>O presidente da Assembleia Legislativa do Cear\u00e1 (Alece), Romeu Aldigueri (PSB), inaugurou oficialmente seu comit\u00ea central de campanha em Fortaleza com a presen\u00e7a do senador Cid Gomes (PSB). O evento pol\u00edtico ocorreu na noite desta quarta-feira, dia 19 de agosto, na Avenida Washington Soares, servindo como ponto estrat\u00e9gico para a mobiliza\u00e7\u00e3o das elei\u00e7\u00f5es de 2026. No espa\u00e7o, Romeu Aldigueri lan\u00e7ou sua campanha de reelei\u00e7\u00e3o para deputado estadual. O ato ocorreu em conjunto com sua esposa, Tainah Marinho (PSB), candidata&hellip;<\/p>\n","protected":false},"author":1,"featured_media":41790,"comment_status":"open","ping_status":"open","sticky":false,"template":"","format":"standard","meta":{"footnotes":""},"categories":[1],"tags":[],"class_list":["post-41789","post","type-post","status-publish","format-standard","has-post-thumbnail","hentry","category-noticias"],"_links":{"self":[{"href":"https:\/\/blogdorogeriogomes.com.br\/noticias\/wp-json\/wp\/v2\/posts\/41789","targetHints":{"allow":["GET"]}}],"collection":[{"href":"https:\/\/blogdorogeriogomes.com.br\/noticias\/wp-json\/wp\/v2\/posts"}],"about":[{"href":"https:\/\/blogdorogeriogomes.com.br\/noticias\/wp-json\/wp\/v2\/types\/post"}],"author":[{"embeddable":true,"href":"https:\/\/blogdorogeriogomes.com.br\/noticias\/wp-json\/wp\/v2\/users\/1"}],"replies":[{"embeddable":true,"href":"https:\/\/blogdorogeriogomes.com.br\/noticias\/wp-json\/wp\/v2\/comments?post=41789"}],"version-history":[{"count":1,"href":"https:\/\/blogdorogeriogomes.com.br\/noticias\/wp-json\/wp\/v2\/posts\/41789\/revisions"}],"predecessor-version":[{"id":41791,"href":"https:\/\/blogdorogeriogomes.com.br\/noticias\/wp-json\/wp\/v2\/posts\/41789\/revisions\/41791"}],"wp:featuredmedia":[{"embeddable":true,"href":"https:\/\/blogdorogeriogomes.com.br\/noticias\/wp-json\/wp\/v2\/media\/41790"}],"wp:attachment":[{"href":"https:\/\/blogdorogeriogomes.com.br\/noticias\/wp-json\/wp\/v2\/media?parent=41789"}],"wp:term":[{"taxonomy":"category","embeddable":true,"href":"https:\/\/blogdorogeriogomes.com.br\/noticias\/wp-json\/wp\/v2\/categories?post=41789"},{"taxonomy":"post_tag","embeddable":true,"href":"https:\/\/blogdorogeriogomes.com.br\/noticias\/wp-json\/wp\/v2\/tags?post=41789"}],"curies":[{"name":"wp","href":"https:\/\/api.w.org\/{rel}","templated":true}]}}