{"id":41792,"date":"2026-08-20T09:23:55","date_gmt":"2026-08-20T09:23:55","guid":{"rendered":"https:\/\/blogdorogeriogomes.com.br\/noticias\/?p=41792"},"modified":"2026-08-20T09:23:55","modified_gmt":"2026-08-20T09:23:55","slug":"pt-do-ceara-suspende-vice-prefeito-de-redencao-e-abre-processo-de-expulsao-por-infidelidade-apos-apoio-a-ciro-gomes","status":"publish","type":"post","link":"https:\/\/blogdorogeriogomes.com.br\/noticias\/2026\/08\/pt-do-ceara-suspende-vice-prefeito-de-redencao-e-abre-processo-de-expulsao-por-infidelidade-apos-apoio-a-ciro-gomes\/","title":{"rendered":"PT do Cear\u00e1 suspende vice-prefeito de Reden\u00e7\u00e3o e abre processo de expuls\u00e3o por infidelidade ap\u00f3s apoio a Ciro Gomes"},"content":{"rendered":"\n<p class=\"wp-block-paragraph\">O diret\u00f3rio estadual do PT no Cear\u00e1 suspendeu a filia\u00e7\u00e3o de Jo\u00e3o Paulo da Silveira Bessa, o &#8220;Jo\u00e3o Paulo Macarr\u00e3o&#8221;, vice-prefeito de Reden\u00e7\u00e3o, e iniciou um processo para expuls\u00e1-lo da legenda. A puni\u00e7\u00e3o ocorre ap\u00f3s o pol\u00edtico declarar apoio a Ciro Gomes (PSDB), opositor do governador Elmano de Freitas (PT).<\/p>\n\n\n\n<p class=\"wp-block-paragraph\">O vice-prefeito quebrou o alinhamento com o PT ao apoiar um candidato advers\u00e1rio na disputa pelo Governo do Cear\u00e1. O pr\u00f3prio governador Elmano de Freitas j\u00e1 havia criticado publicamente o posicionamento de aliados que apoiam a oposi\u00e7\u00e3o.<\/p>\n\n\n\n<p class=\"wp-block-paragraph\">O partido afirmou que a postura de Macarr\u00e3o \u00e9 incompat\u00edvel com os compromissos coletivos da legenda. O PT destacou que n\u00e3o tolerar\u00e1 filiados utilizando o espa\u00e7o do partido para agir contra as decis\u00f5es internas. A sigla refor\u00e7ou a exig\u00eancia de alinhamento total para apoiar a reelei\u00e7\u00e3o de Elmano no estado e de Lula na presid\u00eancia.<\/p>\n\n\n\n<figure class=\"wp-block-image size-full\"><img loading=\"lazy\" decoding=\"async\" width=\"706\" height=\"397\" src=\"https:\/\/blogdorogeriogomes.com.br\/noticias\/wp-content\/uploads\/2026\/08\/image-3.webp\" alt=\"\" class=\"wp-image-41793\" srcset=\"https:\/\/blogdorogeriogomes.com.br\/noticias\/wp-content\/uploads\/2026\/08\/image-3.webp 706w, https:\/\/blogdorogeriogomes.com.br\/noticias\/wp-content\/uploads\/2026\/08\/image-3-300x169.webp 300w\" sizes=\"auto, (max-width: 706px) 100vw, 706px\" \/><\/figure>\n","protected":false},"excerpt":{"rendered":"<p>O diret\u00f3rio estadual do PT no Cear\u00e1 suspendeu a filia\u00e7\u00e3o de Jo\u00e3o Paulo da Silveira Bessa, o &#8220;Jo\u00e3o Paulo Macarr\u00e3o&#8221;, vice-prefeito de Reden\u00e7\u00e3o, e iniciou um processo para expuls\u00e1-lo da legenda. A puni\u00e7\u00e3o ocorre ap\u00f3s o pol\u00edtico declarar apoio a Ciro Gomes (PSDB), opositor do governador Elmano de Freitas (PT). O vice-prefeito quebrou o alinhamento com o PT ao apoiar um candidato advers\u00e1rio na disputa pelo Governo do Cear\u00e1. O pr\u00f3prio governador Elmano de Freitas j\u00e1 havia criticado publicamente&hellip;<\/p>\n","protected":false},"author":1,"featured_media":41793,"comment_status":"open","ping_status":"open","sticky":false,"template":"","format":"standard","meta":{"footnotes":""},"categories":[1],"tags":[],"class_list":["post-41792","post","type-post","status-publish","format-standard","has-post-thumbnail","hentry","category-noticias"],"_links":{"self":[{"href":"https:\/\/blogdorogeriogomes.com.br\/noticias\/wp-json\/wp\/v2\/posts\/41792","targetHints":{"allow":["GET"]}}],"collection":[{"href":"https:\/\/blogdorogeriogomes.com.br\/noticias\/wp-json\/wp\/v2\/posts"}],"about":[{"href":"https:\/\/blogdorogeriogomes.com.br\/noticias\/wp-json\/wp\/v2\/types\/post"}],"author":[{"embeddable":true,"href":"https:\/\/blogdorogeriogomes.com.br\/noticias\/wp-json\/wp\/v2\/users\/1"}],"replies":[{"embeddable":true,"href":"https:\/\/blogdorogeriogomes.com.br\/noticias\/wp-json\/wp\/v2\/comments?post=41792"}],"version-history":[{"count":1,"href":"https:\/\/blogdorogeriogomes.com.br\/noticias\/wp-json\/wp\/v2\/posts\/41792\/revisions"}],"predecessor-version":[{"id":41794,"href":"https:\/\/blogdorogeriogomes.com.br\/noticias\/wp-json\/wp\/v2\/posts\/41792\/revisions\/41794"}],"wp:featuredmedia":[{"embeddable":true,"href":"https:\/\/blogdorogeriogomes.com.br\/noticias\/wp-json\/wp\/v2\/media\/41793"}],"wp:attachment":[{"href":"https:\/\/blogdorogeriogomes.com.br\/noticias\/wp-json\/wp\/v2\/media?parent=41792"}],"wp:term":[{"taxonomy":"category","embeddable":true,"href":"https:\/\/blogdorogeriogomes.com.br\/noticias\/wp-json\/wp\/v2\/categories?post=41792"},{"taxonomy":"post_tag","embeddable":true,"href":"https:\/\/blogdorogeriogomes.com.br\/noticias\/wp-json\/wp\/v2\/tags?post=41792"}],"curies":[{"name":"wp","href":"https:\/\/api.w.org\/{rel}","templated":true}]}}