{"id":41795,"date":"2026-08-20T09:48:17","date_gmt":"2026-08-20T09:48:17","guid":{"rendered":"https:\/\/blogdorogeriogomes.com.br\/noticias\/?p=41795"},"modified":"2026-08-20T09:48:17","modified_gmt":"2026-08-20T09:48:17","slug":"elmano-de-freitas-participa-de-carreatas-no-interior-e-reune-prefeitos-hoje-em-fortaleza-ciro-gomes-concedeu-entrevistas-na-capital-e-vai-inaugurar-comite-de-jose-sarto","status":"publish","type":"post","link":"https:\/\/blogdorogeriogomes.com.br\/noticias\/2026\/08\/elmano-de-freitas-participa-de-carreatas-no-interior-e-reune-prefeitos-hoje-em-fortaleza-ciro-gomes-concedeu-entrevistas-na-capital-e-vai-inaugurar-comite-de-jose-sarto\/","title":{"rendered":"Elmano de Freitas participa de carreatas no interior e re\u00fane prefeitos hoje em Fortaleza. Ciro Gomes concedeu entrevistas na Capital e vai inaugurar comit\u00ea de Jos\u00e9 Sarto"},"content":{"rendered":"\n<p class=\"wp-block-paragraph\">Depois de participar de uma caminhada no Aracap\u00e9, em Fortaleza, o governador Elmano de Freitas (PT) fechou a agenda desta quarta-feira,  dia 19 de agosto, com carreatas nas cidades de Palhano e Tabuleiro do Norte, no Vale do Jaguaribe. <\/p>\n\n\n\n<p class=\"wp-block-paragraph\">Para esta quinta-feira, dia 20, Elmano de Freitas re\u00fane prefeitos aliados em Fortaleza e inaugura o seu comit\u00ea central de campanha, \u00e0 noite, na Avenida Washington Soares. <\/p>\n\n\n\n<p class=\"wp-block-paragraph\">Nesta quarta-feira, Ciro Gomes (PSDB) concedeu entrevistas a ve\u00edculos de comunica\u00e7\u00e3o em Fortaleza. No Di\u00e1rio do Nordeste, ele foi questionado sobre quem ir\u00e1 apoiar na disputa pela Presid\u00eancia da Rep\u00fablica e afirmou que ainda n\u00e3o tem uma defini\u00e7\u00e3o. Ciro criticou a polariza\u00e7\u00e3o nacional, disse que &#8220;n\u00e3o \u00e9 Lula nem Bolsonaro&#8221; e que avalia com aliados outros nomes.<\/p>\n\n\n\n<p class=\"wp-block-paragraph\">Ciro Gomes grava programas eleitorais nesta quinta-feira, participa de uma mini-carreata na Granja Portugal e Conjunto Cear\u00e1, e vai a inaugura\u00e7\u00e3o do comit\u00ea do ex-prefeito Jos\u00e9 Sarto, na Praia de Iracema, em Fortaleza. <\/p>\n\n\n\n<figure class=\"wp-block-image size-full\"><img loading=\"lazy\" decoding=\"async\" width=\"1024\" height=\"682\" src=\"https:\/\/blogdorogeriogomes.com.br\/noticias\/wp-content\/uploads\/2026\/08\/WhatsApp-Image-2026-08-19-at-21.06.03-1024x682-1.jpeg\" alt=\"\" class=\"wp-image-41797\" srcset=\"https:\/\/blogdorogeriogomes.com.br\/noticias\/wp-content\/uploads\/2026\/08\/WhatsApp-Image-2026-08-19-at-21.06.03-1024x682-1.jpeg 1024w, https:\/\/blogdorogeriogomes.com.br\/noticias\/wp-content\/uploads\/2026\/08\/WhatsApp-Image-2026-08-19-at-21.06.03-1024x682-1-300x200.jpeg 300w, https:\/\/blogdorogeriogomes.com.br\/noticias\/wp-content\/uploads\/2026\/08\/WhatsApp-Image-2026-08-19-at-21.06.03-1024x682-1-768x512.jpeg 768w, https:\/\/blogdorogeriogomes.com.br\/noticias\/wp-content\/uploads\/2026\/08\/WhatsApp-Image-2026-08-19-at-21.06.03-1024x682-1-800x533.jpeg 800w\" sizes=\"auto, (max-width: 1024px) 100vw, 1024px\" \/><\/figure>\n\n\n\n<figure class=\"wp-block-image size-large\"><img loading=\"lazy\" decoding=\"async\" width=\"819\" height=\"1024\" src=\"https:\/\/blogdorogeriogomes.com.br\/noticias\/wp-content\/uploads\/2026\/08\/IMG-20260820-WA0019-819x1024.jpg\" alt=\"\" class=\"wp-image-41798\" srcset=\"https:\/\/blogdorogeriogomes.com.br\/noticias\/wp-content\/uploads\/2026\/08\/IMG-20260820-WA0019-819x1024.jpg 819w, https:\/\/blogdorogeriogomes.com.br\/noticias\/wp-content\/uploads\/2026\/08\/IMG-20260820-WA0019-240x300.jpg 240w, https:\/\/blogdorogeriogomes.com.br\/noticias\/wp-content\/uploads\/2026\/08\/IMG-20260820-WA0019-768x960.jpg 768w, https:\/\/blogdorogeriogomes.com.br\/noticias\/wp-content\/uploads\/2026\/08\/IMG-20260820-WA0019-800x1000.jpg 800w, https:\/\/blogdorogeriogomes.com.br\/noticias\/wp-content\/uploads\/2026\/08\/IMG-20260820-WA0019.jpg 981w\" sizes=\"auto, (max-width: 819px) 100vw, 819px\" \/><\/figure>\n","protected":false},"excerpt":{"rendered":"<p>Depois de participar de uma caminhada no Aracap\u00e9, em Fortaleza, o governador Elmano de Freitas (PT) fechou a agenda desta quarta-feira, dia 19 de agosto, com carreatas nas cidades de Palhano e Tabuleiro do Norte, no Vale do Jaguaribe. Para esta quinta-feira, dia 20, Elmano de Freitas re\u00fane prefeitos aliados em Fortaleza e inaugura o seu comit\u00ea central de campanha, \u00e0 noite, na Avenida Washington Soares. Nesta quarta-feira, Ciro Gomes (PSDB) concedeu entrevistas a ve\u00edculos de comunica\u00e7\u00e3o em Fortaleza.&hellip;<\/p>\n","protected":false},"author":1,"featured_media":41797,"comment_status":"open","ping_status":"open","sticky":false,"template":"","format":"standard","meta":{"footnotes":""},"categories":[1],"tags":[],"class_list":["post-41795","post","type-post","status-publish","format-standard","has-post-thumbnail","hentry","category-noticias"],"_links":{"self":[{"href":"https:\/\/blogdorogeriogomes.com.br\/noticias\/wp-json\/wp\/v2\/posts\/41795","targetHints":{"allow":["GET"]}}],"collection":[{"href":"https:\/\/blogdorogeriogomes.com.br\/noticias\/wp-json\/wp\/v2\/posts"}],"about":[{"href":"https:\/\/blogdorogeriogomes.com.br\/noticias\/wp-json\/wp\/v2\/types\/post"}],"author":[{"embeddable":true,"href":"https:\/\/blogdorogeriogomes.com.br\/noticias\/wp-json\/wp\/v2\/users\/1"}],"replies":[{"embeddable":true,"href":"https:\/\/blogdorogeriogomes.com.br\/noticias\/wp-json\/wp\/v2\/comments?post=41795"}],"version-history":[{"count":2,"href":"https:\/\/blogdorogeriogomes.com.br\/noticias\/wp-json\/wp\/v2\/posts\/41795\/revisions"}],"predecessor-version":[{"id":41799,"href":"https:\/\/blogdorogeriogomes.com.br\/noticias\/wp-json\/wp\/v2\/posts\/41795\/revisions\/41799"}],"wp:featuredmedia":[{"embeddable":true,"href":"https:\/\/blogdorogeriogomes.com.br\/noticias\/wp-json\/wp\/v2\/media\/41797"}],"wp:attachment":[{"href":"https:\/\/blogdorogeriogomes.com.br\/noticias\/wp-json\/wp\/v2\/media?parent=41795"}],"wp:term":[{"taxonomy":"category","embeddable":true,"href":"https:\/\/blogdorogeriogomes.com.br\/noticias\/wp-json\/wp\/v2\/categories?post=41795"},{"taxonomy":"post_tag","embeddable":true,"href":"https:\/\/blogdorogeriogomes.com.br\/noticias\/wp-json\/wp\/v2\/tags?post=41795"}],"curies":[{"name":"wp","href":"https:\/\/api.w.org\/{rel}","templated":true}]}}