{"id":41806,"date":"2026-08-20T14:05:54","date_gmt":"2026-08-20T14:05:54","guid":{"rendered":"https:\/\/blogdorogeriogomes.com.br\/noticias\/?p=41806"},"modified":"2026-08-20T14:05:54","modified_gmt":"2026-08-20T14:05:54","slug":"lula-exclui-deputado-federal-mauro-filho-da-vice-lideranca-do-governo-na-camara-federal-parlamentar-cearense-coordena-plano-de-governo-de-ciro-gomes","status":"publish","type":"post","link":"https:\/\/blogdorogeriogomes.com.br\/noticias\/2026\/08\/lula-exclui-deputado-federal-mauro-filho-da-vice-lideranca-do-governo-na-camara-federal-parlamentar-cearense-coordena-plano-de-governo-de-ciro-gomes\/","title":{"rendered":"Lula exclui deputado federal Mauro Filho da vice-lideran\u00e7a do Governo na C\u00e2mara Federal. Parlamentar cearense coordena plano de governo de Ciro Gomes"},"content":{"rendered":"\n<p class=\"wp-block-paragraph\">O presidente Luiz In\u00e1cio Lula da Silva destituiu o deputado federal Mauro Benevides Filho (Uni\u00e3o Brasil) da fun\u00e7\u00e3o de vice-l\u00edder do Governo na C\u00e2mara dos Deputados. A decis\u00e3o foi oficializada nesta quinta-feira, dia 20 de agosto, por meio de despacho publicado no Di\u00e1rio Oficial da Uni\u00e3o (DOU). Esta \u00e9 a segunda vez no ano que o parlamentar deixa o posto: ele havia sido removido em abril ap\u00f3s mudar de partido, foi reconduzido em julho e agora acabou desligado novamente.<\/p>\n\n\n\n<p class=\"wp-block-paragraph\">Mauro Filho \u00e9 o coordenador do plano de governo de Ciro Gomes (PSDB), que concorre ao cargo de governador do Cear\u00e1 nas elei\u00e7\u00f5es de 2026. A candidatura de Ciro Gomes faz oposi\u00e7\u00e3o direta \u00e0 reelei\u00e7\u00e3o do atual governador cearense, Elmano de Freitas (PT), que conta com o apoio irrestrito de Lula e do ministro Camilo Santana.<\/p>\n\n\n\n<p class=\"wp-block-paragraph\">Nesta quarta-feira, dia 19, um dia antes de sua destitui\u00e7\u00e3o, Mauro Filho defendeu publicamente que a elei\u00e7\u00e3o estadual fosse desvinculada do cen\u00e1rio nacional, pedindo inclusive votos de petistas e bolsonaristas para Ciro.<\/p>\n\n\n\n<p class=\"wp-block-paragraph\">O Pal\u00e1cio do Planalto n\u00e3o divulgou um motivo formal para o desligamento em sua mensagem enviada \u00e0 C\u00e2mara. No entanto, analistas pol\u00edticos associam a sa\u00edda diretamente ao acirramento da disputa eleitoral no Cear\u00e1.<\/p>\n\n\n\n<figure class=\"wp-block-image size-full\"><img loading=\"lazy\" decoding=\"async\" width=\"870\" height=\"600\" src=\"https:\/\/blogdorogeriogomes.com.br\/noticias\/wp-content\/uploads\/2026\/08\/Mauro-Vinicius-Loures-Camara-dos-Deputados.jpg\" alt=\"\" class=\"wp-image-41807\" srcset=\"https:\/\/blogdorogeriogomes.com.br\/noticias\/wp-content\/uploads\/2026\/08\/Mauro-Vinicius-Loures-Camara-dos-Deputados.jpg 870w, https:\/\/blogdorogeriogomes.com.br\/noticias\/wp-content\/uploads\/2026\/08\/Mauro-Vinicius-Loures-Camara-dos-Deputados-300x207.jpg 300w, https:\/\/blogdorogeriogomes.com.br\/noticias\/wp-content\/uploads\/2026\/08\/Mauro-Vinicius-Loures-Camara-dos-Deputados-768x530.jpg 768w, https:\/\/blogdorogeriogomes.com.br\/noticias\/wp-content\/uploads\/2026\/08\/Mauro-Vinicius-Loures-Camara-dos-Deputados-800x552.jpg 800w\" sizes=\"auto, (max-width: 870px) 100vw, 870px\" \/><\/figure>\n","protected":false},"excerpt":{"rendered":"<p>O presidente Luiz In\u00e1cio Lula da Silva destituiu o deputado federal Mauro Benevides Filho (Uni\u00e3o Brasil) da fun\u00e7\u00e3o de vice-l\u00edder do Governo na C\u00e2mara dos Deputados. A decis\u00e3o foi oficializada nesta quinta-feira, dia 20 de agosto, por meio de despacho publicado no Di\u00e1rio Oficial da Uni\u00e3o (DOU). Esta \u00e9 a segunda vez no ano que o parlamentar deixa o posto: ele havia sido removido em abril ap\u00f3s mudar de partido, foi reconduzido em julho e agora acabou desligado novamente.&hellip;<\/p>\n","protected":false},"author":1,"featured_media":41807,"comment_status":"open","ping_status":"open","sticky":false,"template":"","format":"standard","meta":{"footnotes":""},"categories":[1],"tags":[],"class_list":["post-41806","post","type-post","status-publish","format-standard","has-post-thumbnail","hentry","category-noticias"],"_links":{"self":[{"href":"https:\/\/blogdorogeriogomes.com.br\/noticias\/wp-json\/wp\/v2\/posts\/41806","targetHints":{"allow":["GET"]}}],"collection":[{"href":"https:\/\/blogdorogeriogomes.com.br\/noticias\/wp-json\/wp\/v2\/posts"}],"about":[{"href":"https:\/\/blogdorogeriogomes.com.br\/noticias\/wp-json\/wp\/v2\/types\/post"}],"author":[{"embeddable":true,"href":"https:\/\/blogdorogeriogomes.com.br\/noticias\/wp-json\/wp\/v2\/users\/1"}],"replies":[{"embeddable":true,"href":"https:\/\/blogdorogeriogomes.com.br\/noticias\/wp-json\/wp\/v2\/comments?post=41806"}],"version-history":[{"count":1,"href":"https:\/\/blogdorogeriogomes.com.br\/noticias\/wp-json\/wp\/v2\/posts\/41806\/revisions"}],"predecessor-version":[{"id":41808,"href":"https:\/\/blogdorogeriogomes.com.br\/noticias\/wp-json\/wp\/v2\/posts\/41806\/revisions\/41808"}],"wp:featuredmedia":[{"embeddable":true,"href":"https:\/\/blogdorogeriogomes.com.br\/noticias\/wp-json\/wp\/v2\/media\/41807"}],"wp:attachment":[{"href":"https:\/\/blogdorogeriogomes.com.br\/noticias\/wp-json\/wp\/v2\/media?parent=41806"}],"wp:term":[{"taxonomy":"category","embeddable":true,"href":"https:\/\/blogdorogeriogomes.com.br\/noticias\/wp-json\/wp\/v2\/categories?post=41806"},{"taxonomy":"post_tag","embeddable":true,"href":"https:\/\/blogdorogeriogomes.com.br\/noticias\/wp-json\/wp\/v2\/tags?post=41806"}],"curies":[{"name":"wp","href":"https:\/\/api.w.org\/{rel}","templated":true}]}}