{"id":41809,"date":"2026-08-20T20:10:06","date_gmt":"2026-08-20T20:10:06","guid":{"rendered":"https:\/\/blogdorogeriogomes.com.br\/noticias\/?p=41809"},"modified":"2026-08-20T20:10:06","modified_gmt":"2026-08-20T20:10:06","slug":"governo-do-ceara-anuncia-expansao-do-vapt-vupt-para-mais-43-municipios-do-interior","status":"publish","type":"post","link":"https:\/\/blogdorogeriogomes.com.br\/noticias\/2026\/08\/governo-do-ceara-anuncia-expansao-do-vapt-vupt-para-mais-43-municipios-do-interior\/","title":{"rendered":"Governo do Cear\u00e1 anuncia expans\u00e3o do Vapt Vupt para mais 43 munic\u00edpios do interior"},"content":{"rendered":"\n<p class=\"wp-block-paragraph\">O governador do Cear\u00e1, Elmano de Freitas (PT), anunciou a expans\u00e3o do programa Vapt Vupt para 43 novos munic\u00edpios do interior e da Regi\u00e3o Metropolitana de Fortaleza. O an\u00fancio ocorreu durante uma reuni\u00e3o de trabalho no Pal\u00e1cio da Aboli\u00e7\u00e3o com prefeitos e lideran\u00e7as regionais. A iniciativa tem como objetivo principal descentralizar o acesso a servi\u00e7os p\u00fablicos essenciais e reduzir a necessidade de deslocamento dos cidad\u00e3os para grandes centros urbanos.<\/p>\n\n\n\n<p class=\"wp-block-paragraph\">Com a implanta\u00e7\u00e3o das novas ag\u00eancias, a rede estadual saltar\u00e1 das atuais sete unidades em funcionamento para um total de 50 postos integrados. De acordo com o governo estadual, a amplia\u00e7\u00e3o elevar\u00e1 a cobertura do servi\u00e7o de aproximadamente 33% para cerca de 90% do territ\u00f3rio cearense, combinando o atendimento presencial com ferramentas digitais e unidades m\u00f3veis. Os crit\u00e9rios de sele\u00e7\u00e3o das cidades contempladas foram estritamente t\u00e9cnicos, considerando os \u00edndices populacionais e a localiza\u00e7\u00e3o geogr\u00e1fica estrat\u00e9gica para facilitar o acesso de munic\u00edpios vizinhos menores.<\/p>\n\n\n\n<p class=\"wp-block-paragraph\">As primeiras novas centrais de atendimento t\u00eam previs\u00e3o de inaugura\u00e7\u00e3o em outubro, nos munic\u00edpios de Tiangu\u00e1, na Serra da Ibiapaba, e no Eus\u00e9bio. O cronograma do Estado prev\u00ea que todas as demais estruturas remanescentes sejam entregues e estejam em pleno funcionamento at\u00e9 janeiro de 2027. O projeto de expans\u00e3o \u00e9 viabilizado por meio de uma Parceria P\u00fablico-Privada (PPP) e demandar\u00e1 um investimento estimado em R$ 17 milh\u00f5es.<\/p>\n\n\n\n<p class=\"wp-block-paragraph\">Cada nova unidade do Vapt Vupt disponibilizar\u00e1 at\u00e9 227 servi\u00e7os aos moradores. Entre as principais presta\u00e7\u00f5es mantidas no cat\u00e1logo unificado est\u00e3o a emiss\u00e3o da Carteira de Identidade Nacional (CIN), procedimentos do Departamento Estadual de Tr\u00e2nsito (Detran-CE), atendimentos da Justi\u00e7a Eleitoral (TRE-CE), intermedia\u00e7\u00e3o de m\u00e3o de obra pelo Sine\/IDT, al\u00e9m de servi\u00e7os concession\u00e1rios da Enel e da Companhia de \u00c1gua e Esgoto do Cear\u00e1 (Cagece).<\/p>\n\n\n\n<p class=\"wp-block-paragraph\">A expectativa do governo \u00e9 que o fluxo di\u00e1rio em toda a rede salte de 17 mil para cerca de 35 mil atendimentos di\u00e1rios. Al\u00e9m do ganho em cidadania, o plano de expans\u00e3o projeta a gera\u00e7\u00e3o de aproximadamente 800 novos empregos diretos para a opera\u00e7\u00e3o das novas estruturas no interior.<\/p>\n\n\n\n<figure class=\"wp-block-image size-full\"><img loading=\"lazy\" decoding=\"async\" width=\"1024\" height=\"683\" src=\"https:\/\/blogdorogeriogomes.com.br\/noticias\/wp-content\/uploads\/2026\/08\/vaptvupt.jpg\" alt=\"\" class=\"wp-image-41810\" srcset=\"https:\/\/blogdorogeriogomes.com.br\/noticias\/wp-content\/uploads\/2026\/08\/vaptvupt.jpg 1024w, https:\/\/blogdorogeriogomes.com.br\/noticias\/wp-content\/uploads\/2026\/08\/vaptvupt-300x200.jpg 300w, https:\/\/blogdorogeriogomes.com.br\/noticias\/wp-content\/uploads\/2026\/08\/vaptvupt-768x512.jpg 768w, https:\/\/blogdorogeriogomes.com.br\/noticias\/wp-content\/uploads\/2026\/08\/vaptvupt-800x534.jpg 800w\" sizes=\"auto, (max-width: 1024px) 100vw, 1024px\" \/><\/figure>\n","protected":false},"excerpt":{"rendered":"<p>O governador do Cear\u00e1, Elmano de Freitas (PT), anunciou a expans\u00e3o do programa Vapt Vupt para 43 novos munic\u00edpios do interior e da Regi\u00e3o Metropolitana de Fortaleza. O an\u00fancio ocorreu durante uma reuni\u00e3o de trabalho no Pal\u00e1cio da Aboli\u00e7\u00e3o com prefeitos e lideran\u00e7as regionais. A iniciativa tem como objetivo principal descentralizar o acesso a servi\u00e7os p\u00fablicos essenciais e reduzir a necessidade de deslocamento dos cidad\u00e3os para grandes centros urbanos. Com a implanta\u00e7\u00e3o das novas ag\u00eancias, a rede estadual saltar\u00e1&hellip;<\/p>\n","protected":false},"author":1,"featured_media":41810,"comment_status":"open","ping_status":"open","sticky":false,"template":"","format":"standard","meta":{"footnotes":""},"categories":[1],"tags":[],"class_list":["post-41809","post","type-post","status-publish","format-standard","has-post-thumbnail","hentry","category-noticias"],"_links":{"self":[{"href":"https:\/\/blogdorogeriogomes.com.br\/noticias\/wp-json\/wp\/v2\/posts\/41809","targetHints":{"allow":["GET"]}}],"collection":[{"href":"https:\/\/blogdorogeriogomes.com.br\/noticias\/wp-json\/wp\/v2\/posts"}],"about":[{"href":"https:\/\/blogdorogeriogomes.com.br\/noticias\/wp-json\/wp\/v2\/types\/post"}],"author":[{"embeddable":true,"href":"https:\/\/blogdorogeriogomes.com.br\/noticias\/wp-json\/wp\/v2\/users\/1"}],"replies":[{"embeddable":true,"href":"https:\/\/blogdorogeriogomes.com.br\/noticias\/wp-json\/wp\/v2\/comments?post=41809"}],"version-history":[{"count":1,"href":"https:\/\/blogdorogeriogomes.com.br\/noticias\/wp-json\/wp\/v2\/posts\/41809\/revisions"}],"predecessor-version":[{"id":41811,"href":"https:\/\/blogdorogeriogomes.com.br\/noticias\/wp-json\/wp\/v2\/posts\/41809\/revisions\/41811"}],"wp:featuredmedia":[{"embeddable":true,"href":"https:\/\/blogdorogeriogomes.com.br\/noticias\/wp-json\/wp\/v2\/media\/41810"}],"wp:attachment":[{"href":"https:\/\/blogdorogeriogomes.com.br\/noticias\/wp-json\/wp\/v2\/media?parent=41809"}],"wp:term":[{"taxonomy":"category","embeddable":true,"href":"https:\/\/blogdorogeriogomes.com.br\/noticias\/wp-json\/wp\/v2\/categories?post=41809"},{"taxonomy":"post_tag","embeddable":true,"href":"https:\/\/blogdorogeriogomes.com.br\/noticias\/wp-json\/wp\/v2\/tags?post=41809"}],"curies":[{"name":"wp","href":"https:\/\/api.w.org\/{rel}","templated":true}]}}