{"id":41812,"date":"2026-08-21T10:36:02","date_gmt":"2026-08-21T10:36:02","guid":{"rendered":"https:\/\/blogdorogeriogomes.com.br\/noticias\/?p=41812"},"modified":"2026-08-21T10:38:57","modified_gmt":"2026-08-21T10:38:57","slug":"elmano-de-freitas-reune-prefeitos-e-inaugura-comite-central-em-fortaleza-hoje-tem-atividades-em-quixeramobim-e-ibicuitinga","status":"publish","type":"post","link":"https:\/\/blogdorogeriogomes.com.br\/noticias\/2026\/08\/elmano-de-freitas-reune-prefeitos-e-inaugura-comite-central-em-fortaleza-hoje-tem-atividades-em-quixeramobim-e-ibicuitinga\/","title":{"rendered":"Elmano de Freitas re\u00fane prefeitos e inaugura comit\u00ea central em Fortaleza. Hoje, tem atividades em Quixeramobim e Ibicuitinga"},"content":{"rendered":"\n<p class=\"wp-block-paragraph\">O governador Elmano de Freitas (PT), candidato \u00e0 reelei\u00e7\u00e3o, tem agenda nesta sexta-feira, dia 21 de agosto, com atos p\u00fablicos em Ibicuitinga e Quixeramobim. Pela manh\u00e3, ele realizou caminhada no bairro Edson Queiroz, em Fortaleza. <\/p>\n\n\n\n<p class=\"wp-block-paragraph\">Nesta quinta-feira, dia 20, Elmano de Freitas reuniu mais se 100 prefeitos e vice-prefeitos em Fortaleza para discutir estrategias para a campanha eleitoral. \u00c0 noite, o governador inaugurou o seu Comit\u00ea Central de Campanha na Capital.<\/p>\n\n\n\n<p class=\"wp-block-paragraph\">O comit\u00ea est\u00e1 localizado na Avenida Washington Soares, n\u00ba 2398, no bairro Engenheiro Luciano Cavalcante. O ponto \u00e9 o mesmo local utilizado em campanhas vitoriosas anteriores do PT, como a do pr\u00f3prio Elmano em 2022 e a do prefeito Evandro Leit\u00e3o em 2024. O ato pol\u00edtico atraiu uma grande mobiliza\u00e7\u00e3o popular, estimada pelos organizadores em mais de 15 mil pessoas, al\u00e9m de reunir prefeitos, deputados e lideran\u00e7as da base governista.<\/p>\n\n\n\n<p class=\"wp-block-paragraph\">O governador subiu ao palanque acompanhado pelos candidatos ao Senado, Cid Gomes (PSB) e Luizianne Lins (Rede), e pelo ministro da Educa\u00e7\u00e3o, Camilo Santana (PT). Devido a uma perda recente e parcial da voz relatada por sua equipe, Elmano fez um pronunciamento breve de cerca de seis minutos.<\/p>\n\n\n\n<p class=\"wp-block-paragraph\">O candidato refor\u00e7ou o pedido de voto casado em sua chapa, nos senadores aliados e no presidente Luiz In\u00e1cio Lula da Silva, puxando o coro &#8220;Elmano aqui e Lula l\u00e1&#8221;. Em sua fala, o petista declarou que o Cear\u00e1 continuar\u00e1 sendo a &#8220;maior resist\u00eancia ao bolsonarismo no Brasil&#8221; e direcionou cr\u00edticas \u00e0 oposi\u00e7\u00e3o estadual.<\/p>\n\n\n\n<figure class=\"wp-block-image size-large\"><img loading=\"lazy\" decoding=\"async\" width=\"1024\" height=\"682\" src=\"https:\/\/blogdorogeriogomes.com.br\/noticias\/wp-content\/uploads\/2026\/08\/IMG-20260821-WA0016-1024x682.jpg\" alt=\"\" class=\"wp-image-41813\" srcset=\"https:\/\/blogdorogeriogomes.com.br\/noticias\/wp-content\/uploads\/2026\/08\/IMG-20260821-WA0016-1024x682.jpg 1024w, https:\/\/blogdorogeriogomes.com.br\/noticias\/wp-content\/uploads\/2026\/08\/IMG-20260821-WA0016-300x200.jpg 300w, https:\/\/blogdorogeriogomes.com.br\/noticias\/wp-content\/uploads\/2026\/08\/IMG-20260821-WA0016-768x512.jpg 768w, https:\/\/blogdorogeriogomes.com.br\/noticias\/wp-content\/uploads\/2026\/08\/IMG-20260821-WA0016-1536x1023.jpg 1536w, https:\/\/blogdorogeriogomes.com.br\/noticias\/wp-content\/uploads\/2026\/08\/IMG-20260821-WA0016-800x533.jpg 800w, https:\/\/blogdorogeriogomes.com.br\/noticias\/wp-content\/uploads\/2026\/08\/IMG-20260821-WA0016.jpg 1600w\" sizes=\"auto, (max-width: 1024px) 100vw, 1024px\" \/><\/figure>\n","protected":false},"excerpt":{"rendered":"<p>O governador Elmano de Freitas (PT), candidato \u00e0 reelei\u00e7\u00e3o, tem agenda nesta sexta-feira, dia 21 de agosto, com atos p\u00fablicos em Ibicuitinga e Quixeramobim. Pela manh\u00e3, ele realizou caminhada no bairro Edson Queiroz, em Fortaleza. Nesta quinta-feira, dia 20, Elmano de Freitas reuniu mais se 100 prefeitos e vice-prefeitos em Fortaleza para discutir estrategias para a campanha eleitoral. \u00c0 noite, o governador inaugurou o seu Comit\u00ea Central de Campanha na Capital. O comit\u00ea est\u00e1 localizado na Avenida Washington Soares,&hellip;<\/p>\n","protected":false},"author":1,"featured_media":41813,"comment_status":"open","ping_status":"open","sticky":false,"template":"","format":"standard","meta":{"footnotes":""},"categories":[1],"tags":[],"class_list":["post-41812","post","type-post","status-publish","format-standard","has-post-thumbnail","hentry","category-noticias"],"_links":{"self":[{"href":"https:\/\/blogdorogeriogomes.com.br\/noticias\/wp-json\/wp\/v2\/posts\/41812","targetHints":{"allow":["GET"]}}],"collection":[{"href":"https:\/\/blogdorogeriogomes.com.br\/noticias\/wp-json\/wp\/v2\/posts"}],"about":[{"href":"https:\/\/blogdorogeriogomes.com.br\/noticias\/wp-json\/wp\/v2\/types\/post"}],"author":[{"embeddable":true,"href":"https:\/\/blogdorogeriogomes.com.br\/noticias\/wp-json\/wp\/v2\/users\/1"}],"replies":[{"embeddable":true,"href":"https:\/\/blogdorogeriogomes.com.br\/noticias\/wp-json\/wp\/v2\/comments?post=41812"}],"version-history":[{"count":2,"href":"https:\/\/blogdorogeriogomes.com.br\/noticias\/wp-json\/wp\/v2\/posts\/41812\/revisions"}],"predecessor-version":[{"id":41815,"href":"https:\/\/blogdorogeriogomes.com.br\/noticias\/wp-json\/wp\/v2\/posts\/41812\/revisions\/41815"}],"wp:featuredmedia":[{"embeddable":true,"href":"https:\/\/blogdorogeriogomes.com.br\/noticias\/wp-json\/wp\/v2\/media\/41813"}],"wp:attachment":[{"href":"https:\/\/blogdorogeriogomes.com.br\/noticias\/wp-json\/wp\/v2\/media?parent=41812"}],"wp:term":[{"taxonomy":"category","embeddable":true,"href":"https:\/\/blogdorogeriogomes.com.br\/noticias\/wp-json\/wp\/v2\/categories?post=41812"},{"taxonomy":"post_tag","embeddable":true,"href":"https:\/\/blogdorogeriogomes.com.br\/noticias\/wp-json\/wp\/v2\/tags?post=41812"}],"curies":[{"name":"wp","href":"https:\/\/api.w.org\/{rel}","templated":true}]}}