{"id":41816,"date":"2026-08-21T10:52:32","date_gmt":"2026-08-21T10:52:32","guid":{"rendered":"https:\/\/blogdorogeriogomes.com.br\/noticias\/?p=41816"},"modified":"2026-08-21T10:53:39","modified_gmt":"2026-08-21T10:53:39","slug":"ciro-gomes-prestigia-inauguracao-do-comite-do-ex-prefeito-jose-sarto","status":"publish","type":"post","link":"https:\/\/blogdorogeriogomes.com.br\/noticias\/2026\/08\/ciro-gomes-prestigia-inauguracao-do-comite-do-ex-prefeito-jose-sarto\/","title":{"rendered":"Ciro Gomes prestigia inaugura\u00e7\u00e3o do comit\u00ea do ex-prefeito Jos\u00e9 Sarto. Nesta sexta-feira realiza caminhada em Ocara e mini-carreata no Jos\u00e9 Walter"},"content":{"rendered":"\n<p class=\"wp-block-paragraph\">A inaugura\u00e7\u00e3o do comit\u00ea de campanha de Jos\u00e9 Sarto, candidato a deputado federal pelo PSDB, ocorreu na noite de quinta-feira, 20 de agosto de 2026, contando com a participa\u00e7\u00e3o direta do ex-ministro Ciro Gomes, candidato ao Governo do Cear\u00e1. O espa\u00e7o, batizado de Comit\u00ea 4545, fica localizado na Avenida Almirante Barroso, 531, na Praia de Iracema, em Fortaleza.<\/p>\n\n\n\n<p class=\"wp-block-paragraph\">A agenda oficial de Ciro Gomes para esta sexta-feira, dia 21, prev\u00ea caminhada pol\u00edtica no munic\u00edpio de Ocara, na parte da manh\u00e3. \u00c0 noite est\u00e1 prevista uma mini-carreata no bairro Jos\u00e9 Walter, em Fortaleza. Depois, fecha a agenda no lan\u00e7amento da candidatura de Ant\u00f4nio Hnerique (PSDB), no bairro Conjunto Esperan\u00e7a.<\/p>\n\n\n\n<figure class=\"wp-block-image size-large\"><img loading=\"lazy\" decoding=\"async\" width=\"1024\" height=\"819\" src=\"https:\/\/blogdorogeriogomes.com.br\/noticias\/wp-content\/uploads\/2026\/08\/IMG_8934.JPG-scaled-1-1024x819.jpeg\" alt=\"\" class=\"wp-image-41817\" srcset=\"https:\/\/blogdorogeriogomes.com.br\/noticias\/wp-content\/uploads\/2026\/08\/IMG_8934.JPG-scaled-1-1024x819.jpeg 1024w, https:\/\/blogdorogeriogomes.com.br\/noticias\/wp-content\/uploads\/2026\/08\/IMG_8934.JPG-scaled-1-300x240.jpeg 300w, https:\/\/blogdorogeriogomes.com.br\/noticias\/wp-content\/uploads\/2026\/08\/IMG_8934.JPG-scaled-1-768x614.jpeg 768w, https:\/\/blogdorogeriogomes.com.br\/noticias\/wp-content\/uploads\/2026\/08\/IMG_8934.JPG-scaled-1-1536x1229.jpeg 1536w, https:\/\/blogdorogeriogomes.com.br\/noticias\/wp-content\/uploads\/2026\/08\/IMG_8934.JPG-scaled-1-2048x1638.jpeg 2048w, https:\/\/blogdorogeriogomes.com.br\/noticias\/wp-content\/uploads\/2026\/08\/IMG_8934.JPG-scaled-1-800x640.jpeg 800w\" sizes=\"auto, (max-width: 1024px) 100vw, 1024px\" \/><\/figure>\n","protected":false},"excerpt":{"rendered":"<p>A inaugura\u00e7\u00e3o do comit\u00ea de campanha de Jos\u00e9 Sarto, candidato a deputado federal pelo PSDB, ocorreu na noite de quinta-feira, 20 de agosto de 2026, contando com a participa\u00e7\u00e3o direta do ex-ministro Ciro Gomes, candidato ao Governo do Cear\u00e1. O espa\u00e7o, batizado de Comit\u00ea 4545, fica localizado na Avenida Almirante Barroso, 531, na Praia de Iracema, em Fortaleza. A agenda oficial de Ciro Gomes para esta sexta-feira, dia 21, prev\u00ea caminhada pol\u00edtica no munic\u00edpio de Ocara, na parte da&hellip;<\/p>\n","protected":false},"author":1,"featured_media":41817,"comment_status":"open","ping_status":"open","sticky":false,"template":"","format":"standard","meta":{"footnotes":""},"categories":[1],"tags":[],"class_list":["post-41816","post","type-post","status-publish","format-standard","has-post-thumbnail","hentry","category-noticias"],"_links":{"self":[{"href":"https:\/\/blogdorogeriogomes.com.br\/noticias\/wp-json\/wp\/v2\/posts\/41816","targetHints":{"allow":["GET"]}}],"collection":[{"href":"https:\/\/blogdorogeriogomes.com.br\/noticias\/wp-json\/wp\/v2\/posts"}],"about":[{"href":"https:\/\/blogdorogeriogomes.com.br\/noticias\/wp-json\/wp\/v2\/types\/post"}],"author":[{"embeddable":true,"href":"https:\/\/blogdorogeriogomes.com.br\/noticias\/wp-json\/wp\/v2\/users\/1"}],"replies":[{"embeddable":true,"href":"https:\/\/blogdorogeriogomes.com.br\/noticias\/wp-json\/wp\/v2\/comments?post=41816"}],"version-history":[{"count":2,"href":"https:\/\/blogdorogeriogomes.com.br\/noticias\/wp-json\/wp\/v2\/posts\/41816\/revisions"}],"predecessor-version":[{"id":41819,"href":"https:\/\/blogdorogeriogomes.com.br\/noticias\/wp-json\/wp\/v2\/posts\/41816\/revisions\/41819"}],"wp:featuredmedia":[{"embeddable":true,"href":"https:\/\/blogdorogeriogomes.com.br\/noticias\/wp-json\/wp\/v2\/media\/41817"}],"wp:attachment":[{"href":"https:\/\/blogdorogeriogomes.com.br\/noticias\/wp-json\/wp\/v2\/media?parent=41816"}],"wp:term":[{"taxonomy":"category","embeddable":true,"href":"https:\/\/blogdorogeriogomes.com.br\/noticias\/wp-json\/wp\/v2\/categories?post=41816"},{"taxonomy":"post_tag","embeddable":true,"href":"https:\/\/blogdorogeriogomes.com.br\/noticias\/wp-json\/wp\/v2\/tags?post=41816"}],"curies":[{"name":"wp","href":"https:\/\/api.w.org\/{rel}","templated":true}]}}