{"id":41820,"date":"2026-08-21T11:37:06","date_gmt":"2026-08-21T11:37:06","guid":{"rendered":"https:\/\/blogdorogeriogomes.com.br\/noticias\/?p=41820"},"modified":"2026-08-21T11:37:06","modified_gmt":"2026-08-21T11:37:06","slug":"ministro-andre-mendonca-segura-caso-lulinha-sob-vazamentos-para-a-imprensa-e-mantem-silencio-no-caso-dark-horse-que-envolve-flavio-bolsonaro","status":"publish","type":"post","link":"https:\/\/blogdorogeriogomes.com.br\/noticias\/2026\/08\/ministro-andre-mendonca-segura-caso-lulinha-sob-vazamentos-para-a-imprensa-e-mantem-silencio-no-caso-dark-horse-que-envolve-flavio-bolsonaro\/","title":{"rendered":"Ministro Andr\u00e9 Mendon\u00e7a segura Caso Lulinha sob vazamentos para a imprensa e mant\u00e9m sil\u00eancio no Caso &#8220;Dark Horse&#8221; que envolve Fl\u00e1vio Bolsonaro"},"content":{"rendered":"\n<p class=\"wp-block-paragraph\">O ministro Andr\u00e9 Mendon\u00e7a, do Supremo Tribunal Federal (STF), protagoniza uma forte queda de bra\u00e7o com a Procuradoria-Geral da Rep\u00fablica (PGR). O magistrado indicou a interlocutores que rejeitar\u00e1 o pedido da PGR para enviar as investiga\u00e7\u00f5es de F\u00e1bio Lu\u00eds Lula da Silva, o Lulinha, para a primeira inst\u00e2ncia. Enquanto segura o processo sob o argumento de que h\u00e1 citados com foro privilegiado, Mendon\u00e7a dita um ritmo diferente e sem alardes no caso &#8220;Dark Horse&#8221;, que envolve o senador Fl\u00e1vio Bolsonaro (PL-RJ).<\/p>\n\n\n\n<p class=\"wp-block-paragraph\">A PGR formalizou um pedido sigiloso para que as apura\u00e7\u00f5es contra o filho do presidente Lula deixassem o STF. O \u00f3rg\u00e3o argumenta que o caso trata de suposto tr\u00e1fico de influ\u00eancia e corrup\u00e7\u00e3o em \u00f3rg\u00e3os federais sem o envolvimento direto de autoridades com prerrogativa de foro na Suprema Corte.Mendon\u00e7a, contudo, resiste em abrir m\u00e3o da relatoria. O ministro justifica que as men\u00e7\u00f5es nas conversas interceptadas envolvem figuras que justificam a compet\u00eancia do tribunal.O clima de tens\u00e3o \u00e9 amplificado por sucessivos vazamentos seletivos \u00e0 imprensa, que expuseram mensagens de Lulinha com empres\u00e1rios. A defesa do empres\u00e1rio contesta o que chama de &#8220;pesca probat\u00f3ria&#8221; e avalia solicitar a quebra total do sigilo dos autos para conter as divulga\u00e7\u00f5es &#8220;a conta-gotas&#8221;.<\/p>\n\n\n\n<p class=\"wp-block-paragraph\">Em contraste com a fervura midi\u00e1tica que cerca o governo atual, o caso &#8220;Dark Horse&#8221; segue uma din\u00e2mica distinta no gabinete de Mendon\u00e7a. A investiga\u00e7\u00e3o apura o suposto uso irregular de R$ 61 milh\u00f5es enviados ao exterior pelo ex-banqueiro Daniel Vorcaro para financiar uma cinebiografia sobre o ex-presidente Jair Bolsonaro. Apadrinhado pol\u00edtico de Bolsonaro, Andr\u00e9 Mendon\u00e7a autorizou a abertura do inqu\u00e9rito da Pol\u00edcia Federal ap\u00f3s parecer favor\u00e1vel da pr\u00f3pria PGR. Contudo, o processo \u00e9 apontado por governistas como paralisado ou de tramita\u00e7\u00e3o excessivamente lenta.<\/p>\n\n\n\n<figure class=\"wp-block-image size-full\"><img loading=\"lazy\" decoding=\"async\" width=\"888\" height=\"592\" src=\"https:\/\/blogdorogeriogomes.com.br\/noticias\/wp-content\/uploads\/2026\/08\/55476806476-6084dda285-k.jpg\" alt=\"\" class=\"wp-image-41821\" srcset=\"https:\/\/blogdorogeriogomes.com.br\/noticias\/wp-content\/uploads\/2026\/08\/55476806476-6084dda285-k.jpg 888w, https:\/\/blogdorogeriogomes.com.br\/noticias\/wp-content\/uploads\/2026\/08\/55476806476-6084dda285-k-300x200.jpg 300w, https:\/\/blogdorogeriogomes.com.br\/noticias\/wp-content\/uploads\/2026\/08\/55476806476-6084dda285-k-768x512.jpg 768w, https:\/\/blogdorogeriogomes.com.br\/noticias\/wp-content\/uploads\/2026\/08\/55476806476-6084dda285-k-800x533.jpg 800w\" sizes=\"auto, (max-width: 888px) 100vw, 888px\" \/><\/figure>\n","protected":false},"excerpt":{"rendered":"<p>O ministro Andr\u00e9 Mendon\u00e7a, do Supremo Tribunal Federal (STF), protagoniza uma forte queda de bra\u00e7o com a Procuradoria-Geral da Rep\u00fablica (PGR). O magistrado indicou a interlocutores que rejeitar\u00e1 o pedido da PGR para enviar as investiga\u00e7\u00f5es de F\u00e1bio Lu\u00eds Lula da Silva, o Lulinha, para a primeira inst\u00e2ncia. Enquanto segura o processo sob o argumento de que h\u00e1 citados com foro privilegiado, Mendon\u00e7a dita um ritmo diferente e sem alardes no caso &#8220;Dark Horse&#8221;, que envolve o senador Fl\u00e1vio&hellip;<\/p>\n","protected":false},"author":1,"featured_media":41821,"comment_status":"open","ping_status":"open","sticky":false,"template":"","format":"standard","meta":{"footnotes":""},"categories":[1],"tags":[],"class_list":["post-41820","post","type-post","status-publish","format-standard","has-post-thumbnail","hentry","category-noticias"],"_links":{"self":[{"href":"https:\/\/blogdorogeriogomes.com.br\/noticias\/wp-json\/wp\/v2\/posts\/41820","targetHints":{"allow":["GET"]}}],"collection":[{"href":"https:\/\/blogdorogeriogomes.com.br\/noticias\/wp-json\/wp\/v2\/posts"}],"about":[{"href":"https:\/\/blogdorogeriogomes.com.br\/noticias\/wp-json\/wp\/v2\/types\/post"}],"author":[{"embeddable":true,"href":"https:\/\/blogdorogeriogomes.com.br\/noticias\/wp-json\/wp\/v2\/users\/1"}],"replies":[{"embeddable":true,"href":"https:\/\/blogdorogeriogomes.com.br\/noticias\/wp-json\/wp\/v2\/comments?post=41820"}],"version-history":[{"count":1,"href":"https:\/\/blogdorogeriogomes.com.br\/noticias\/wp-json\/wp\/v2\/posts\/41820\/revisions"}],"predecessor-version":[{"id":41822,"href":"https:\/\/blogdorogeriogomes.com.br\/noticias\/wp-json\/wp\/v2\/posts\/41820\/revisions\/41822"}],"wp:featuredmedia":[{"embeddable":true,"href":"https:\/\/blogdorogeriogomes.com.br\/noticias\/wp-json\/wp\/v2\/media\/41821"}],"wp:attachment":[{"href":"https:\/\/blogdorogeriogomes.com.br\/noticias\/wp-json\/wp\/v2\/media?parent=41820"}],"wp:term":[{"taxonomy":"category","embeddable":true,"href":"https:\/\/blogdorogeriogomes.com.br\/noticias\/wp-json\/wp\/v2\/categories?post=41820"},{"taxonomy":"post_tag","embeddable":true,"href":"https:\/\/blogdorogeriogomes.com.br\/noticias\/wp-json\/wp\/v2\/tags?post=41820"}],"curies":[{"name":"wp","href":"https:\/\/api.w.org\/{rel}","templated":true}]}}