{"id":41823,"date":"2026-08-21T18:32:09","date_gmt":"2026-08-21T18:32:09","guid":{"rendered":"https:\/\/blogdorogeriogomes.com.br\/noticias\/?p=41823"},"modified":"2026-08-21T18:32:10","modified_gmt":"2026-08-21T18:32:10","slug":"lula-e-trump-conversam-por-telefone-por-1h20min-e-restabelecem-negociacoes-sobre-tarifaco-dos-eua","status":"publish","type":"post","link":"https:\/\/blogdorogeriogomes.com.br\/noticias\/2026\/08\/lula-e-trump-conversam-por-telefone-por-1h20min-e-restabelecem-negociacoes-sobre-tarifaco-dos-eua\/","title":{"rendered":"Lula e Trump conversam por telefone por 1h20min e restabelecem negocia\u00e7\u00f5es sobre tarifa\u00e7o dos EUA"},"content":{"rendered":"\n<p class=\"wp-block-paragraph\">Os presidentes Luiz In\u00e1cio Lula da Silva e Donald Trump conversaram por telefone nesta sexta-feira, dia 21 de agosto, para discutir a imposi\u00e7\u00e3o de tarifas comerciais ao Brasil e a coopera\u00e7\u00e3o em seguran\u00e7a p\u00fablica. Segundo a Secretaria de Comunica\u00e7\u00e3o Social (Secom), o di\u00e1logo durou uma hora e vinte minutos e ocorreu de forma bastante amistosa.<\/p>\n\n\n\n<p class=\"wp-block-paragraph\">Lula classificou como infundadas as justificativas dos EUA para impor barreiras comerciais ao mercado brasileiro. As investiga\u00e7\u00f5es americanas mencionavam suspeitas sobre desmatamento, propriedade intelectual, o sistema Pix, corrup\u00e7\u00e3o, etanol e trabalho for\u00e7ado. O presidente brasileiro alertou que as restri\u00e7\u00f5es geram preju\u00edzos m\u00fatuos e defendeu o di\u00e1logo cont\u00ednuo para manter os EUA como um dos principais parceiros comerciais do Brasil.<\/p>\n\n\n\n<p class=\"wp-block-paragraph\">Donald Trump concordou com a necessidade de proteger o com\u00e9rcio bilateral e prop\u00f4s uma reuni\u00e3o imediata entre as equipes t\u00e9cnicas de ambos os pa\u00edses. No setor de seguran\u00e7a p\u00fablica, Lula manifestou o desejo de ampliar a coopera\u00e7\u00e3o m\u00fatua. Ele ressaltou que as fac\u00e7\u00f5es criminosas aterrorizam as comunidades perif\u00e9ricas, mas pontuou que o Estado brasileiro possui leis eficazes e capacidade institucional para combat\u00ea-las sozinhos, sem a necessidade de rotular esses grupos como organiza\u00e7\u00f5es terroristas.<\/p>\n\n\n\n<figure class=\"wp-block-image size-large\"><img loading=\"lazy\" decoding=\"async\" width=\"1024\" height=\"576\" src=\"https:\/\/blogdorogeriogomes.com.br\/noticias\/wp-content\/uploads\/2026\/08\/imagem-principal-governo-lula-ve-tarifaco-de-trump-como-provavel-e-mira-ampliacao-de-isencoes-lula-com-trump-20257-1200x675-1-1024x576.jpg\" alt=\"\" class=\"wp-image-41824\" srcset=\"https:\/\/blogdorogeriogomes.com.br\/noticias\/wp-content\/uploads\/2026\/08\/imagem-principal-governo-lula-ve-tarifaco-de-trump-como-provavel-e-mira-ampliacao-de-isencoes-lula-com-trump-20257-1200x675-1-1024x576.jpg 1024w, https:\/\/blogdorogeriogomes.com.br\/noticias\/wp-content\/uploads\/2026\/08\/imagem-principal-governo-lula-ve-tarifaco-de-trump-como-provavel-e-mira-ampliacao-de-isencoes-lula-com-trump-20257-1200x675-1-300x169.jpg 300w, https:\/\/blogdorogeriogomes.com.br\/noticias\/wp-content\/uploads\/2026\/08\/imagem-principal-governo-lula-ve-tarifaco-de-trump-como-provavel-e-mira-ampliacao-de-isencoes-lula-com-trump-20257-1200x675-1-768x432.jpg 768w, https:\/\/blogdorogeriogomes.com.br\/noticias\/wp-content\/uploads\/2026\/08\/imagem-principal-governo-lula-ve-tarifaco-de-trump-como-provavel-e-mira-ampliacao-de-isencoes-lula-com-trump-20257-1200x675-1-800x450.jpg 800w, https:\/\/blogdorogeriogomes.com.br\/noticias\/wp-content\/uploads\/2026\/08\/imagem-principal-governo-lula-ve-tarifaco-de-trump-como-provavel-e-mira-ampliacao-de-isencoes-lula-com-trump-20257-1200x675-1.jpg 1200w\" sizes=\"auto, (max-width: 1024px) 100vw, 1024px\" \/><\/figure>\n","protected":false},"excerpt":{"rendered":"<p>Os presidentes Luiz In\u00e1cio Lula da Silva e Donald Trump conversaram por telefone nesta sexta-feira, dia 21 de agosto, para discutir a imposi\u00e7\u00e3o de tarifas comerciais ao Brasil e a coopera\u00e7\u00e3o em seguran\u00e7a p\u00fablica. Segundo a Secretaria de Comunica\u00e7\u00e3o Social (Secom), o di\u00e1logo durou uma hora e vinte minutos e ocorreu de forma bastante amistosa. Lula classificou como infundadas as justificativas dos EUA para impor barreiras comerciais ao mercado brasileiro. As investiga\u00e7\u00f5es americanas mencionavam suspeitas sobre desmatamento, propriedade intelectual,&hellip;<\/p>\n","protected":false},"author":1,"featured_media":41824,"comment_status":"open","ping_status":"open","sticky":false,"template":"","format":"standard","meta":{"footnotes":""},"categories":[1],"tags":[],"class_list":["post-41823","post","type-post","status-publish","format-standard","has-post-thumbnail","hentry","category-noticias"],"_links":{"self":[{"href":"https:\/\/blogdorogeriogomes.com.br\/noticias\/wp-json\/wp\/v2\/posts\/41823","targetHints":{"allow":["GET"]}}],"collection":[{"href":"https:\/\/blogdorogeriogomes.com.br\/noticias\/wp-json\/wp\/v2\/posts"}],"about":[{"href":"https:\/\/blogdorogeriogomes.com.br\/noticias\/wp-json\/wp\/v2\/types\/post"}],"author":[{"embeddable":true,"href":"https:\/\/blogdorogeriogomes.com.br\/noticias\/wp-json\/wp\/v2\/users\/1"}],"replies":[{"embeddable":true,"href":"https:\/\/blogdorogeriogomes.com.br\/noticias\/wp-json\/wp\/v2\/comments?post=41823"}],"version-history":[{"count":1,"href":"https:\/\/blogdorogeriogomes.com.br\/noticias\/wp-json\/wp\/v2\/posts\/41823\/revisions"}],"predecessor-version":[{"id":41825,"href":"https:\/\/blogdorogeriogomes.com.br\/noticias\/wp-json\/wp\/v2\/posts\/41823\/revisions\/41825"}],"wp:featuredmedia":[{"embeddable":true,"href":"https:\/\/blogdorogeriogomes.com.br\/noticias\/wp-json\/wp\/v2\/media\/41824"}],"wp:attachment":[{"href":"https:\/\/blogdorogeriogomes.com.br\/noticias\/wp-json\/wp\/v2\/media?parent=41823"}],"wp:term":[{"taxonomy":"category","embeddable":true,"href":"https:\/\/blogdorogeriogomes.com.br\/noticias\/wp-json\/wp\/v2\/categories?post=41823"},{"taxonomy":"post_tag","embeddable":true,"href":"https:\/\/blogdorogeriogomes.com.br\/noticias\/wp-json\/wp\/v2\/tags?post=41823"}],"curies":[{"name":"wp","href":"https:\/\/api.w.org\/{rel}","templated":true}]}}