{"id":41829,"date":"2026-08-22T09:30:06","date_gmt":"2026-08-22T09:30:06","guid":{"rendered":"https:\/\/blogdorogeriogomes.com.br\/noticias\/?p=41829"},"modified":"2026-08-22T09:31:16","modified_gmt":"2026-08-22T09:31:16","slug":"governador-elmano-de-freitas-visita-caucaia-maracanau-e-aquiraz-neste-sabado","status":"publish","type":"post","link":"https:\/\/blogdorogeriogomes.com.br\/noticias\/2026\/08\/governador-elmano-de-freitas-visita-caucaia-maracanau-e-aquiraz-neste-sabado\/","title":{"rendered":"Governador Elmano de Freitas visita Caucaia, Maracana\u00fa e Aquiraz neste s\u00e1bado. Em Quixeramobim, Cirilo Pimenta destacou lideran\u00e7a do petista"},"content":{"rendered":"\n<p class=\"wp-block-paragraph\">O governador do Cear\u00e1 e candidato \u00e0 reelei\u00e7\u00e3o, Elmano de Freitas (PT), cumpre uma agenda intensa de campanha neste s\u00e1bado, dia 22 de agosto, alternando atividades na Regi\u00e3o Metropolitana de Fortaleza (RMF) e na capital cearense.<\/p>\n\n\n\n<p class=\"wp-block-paragraph\">Elmano tem caminhada com apoiadores nas ruas do Centro de Caucaia pela manh\u00e3. Tamb\u00e9m participa do ato de lan\u00e7amento da candidatura proporcional de Raimundo Martinn, candidato a deputado estadual. Em  Maracana\u00fa, o petistapuxa uma grande carreata pelas principais vias do munic\u00edpio da RMF. \u00c0 noite, em Aquiraz, realiza evento de mobiliza\u00e7\u00e3o geral com lideran\u00e7as locais e milit\u00e2ncia regional.<\/p>\n\n\n\n<p class=\"wp-block-paragraph\">Nesta sexta-feira \u00e0 noite, Elmano de Freitas realizou um ato p\u00fablico de campanha em Quixeramobim. O evento pol\u00edtico consistiu em uma expressiva caminhada e com\u00edcio focados principalmente no apoio \u00e0 candidatura de Manoela (Manu) Pimenta (PSB) para deputada estadual. Ela \u00e9 filha do prefeito do munic\u00edpio, Cirilo Pimenta (PSB), que esteve presente no palanque articulando a base aliada no Sert\u00e3o Central e destacando a lideran\u00e7a do governador em Quixeramobim. <\/p>\n\n\n\n<figure class=\"wp-block-image size-large\"><img loading=\"lazy\" decoding=\"async\" width=\"1024\" height=\"806\" src=\"https:\/\/blogdorogeriogomes.com.br\/noticias\/wp-content\/uploads\/2026\/08\/images-8-1024x806.jpeg\" alt=\"\" class=\"wp-image-41830\" srcset=\"https:\/\/blogdorogeriogomes.com.br\/noticias\/wp-content\/uploads\/2026\/08\/images-8-1024x806.jpeg 1024w, https:\/\/blogdorogeriogomes.com.br\/noticias\/wp-content\/uploads\/2026\/08\/images-8-300x236.jpeg 300w, https:\/\/blogdorogeriogomes.com.br\/noticias\/wp-content\/uploads\/2026\/08\/images-8-768x605.jpeg 768w, https:\/\/blogdorogeriogomes.com.br\/noticias\/wp-content\/uploads\/2026\/08\/images-8-1536x1210.jpeg 1536w, https:\/\/blogdorogeriogomes.com.br\/noticias\/wp-content\/uploads\/2026\/08\/images-8-800x630.jpeg 800w, https:\/\/blogdorogeriogomes.com.br\/noticias\/wp-content\/uploads\/2026\/08\/images-8.jpeg 1656w\" sizes=\"auto, (max-width: 1024px) 100vw, 1024px\" \/><\/figure>\n","protected":false},"excerpt":{"rendered":"<p>O governador do Cear\u00e1 e candidato \u00e0 reelei\u00e7\u00e3o, Elmano de Freitas (PT), cumpre uma agenda intensa de campanha neste s\u00e1bado, dia 22 de agosto, alternando atividades na Regi\u00e3o Metropolitana de Fortaleza (RMF) e na capital cearense. Elmano tem caminhada com apoiadores nas ruas do Centro de Caucaia pela manh\u00e3. Tamb\u00e9m participa do ato de lan\u00e7amento da candidatura proporcional de Raimundo Martinn, candidato a deputado estadual. Em Maracana\u00fa, o petistapuxa uma grande carreata pelas principais vias do munic\u00edpio da RMF.&hellip;<\/p>\n","protected":false},"author":1,"featured_media":41830,"comment_status":"open","ping_status":"open","sticky":false,"template":"","format":"standard","meta":{"footnotes":""},"categories":[1],"tags":[],"class_list":["post-41829","post","type-post","status-publish","format-standard","has-post-thumbnail","hentry","category-noticias"],"_links":{"self":[{"href":"https:\/\/blogdorogeriogomes.com.br\/noticias\/wp-json\/wp\/v2\/posts\/41829","targetHints":{"allow":["GET"]}}],"collection":[{"href":"https:\/\/blogdorogeriogomes.com.br\/noticias\/wp-json\/wp\/v2\/posts"}],"about":[{"href":"https:\/\/blogdorogeriogomes.com.br\/noticias\/wp-json\/wp\/v2\/types\/post"}],"author":[{"embeddable":true,"href":"https:\/\/blogdorogeriogomes.com.br\/noticias\/wp-json\/wp\/v2\/users\/1"}],"replies":[{"embeddable":true,"href":"https:\/\/blogdorogeriogomes.com.br\/noticias\/wp-json\/wp\/v2\/comments?post=41829"}],"version-history":[{"count":2,"href":"https:\/\/blogdorogeriogomes.com.br\/noticias\/wp-json\/wp\/v2\/posts\/41829\/revisions"}],"predecessor-version":[{"id":41832,"href":"https:\/\/blogdorogeriogomes.com.br\/noticias\/wp-json\/wp\/v2\/posts\/41829\/revisions\/41832"}],"wp:featuredmedia":[{"embeddable":true,"href":"https:\/\/blogdorogeriogomes.com.br\/noticias\/wp-json\/wp\/v2\/media\/41830"}],"wp:attachment":[{"href":"https:\/\/blogdorogeriogomes.com.br\/noticias\/wp-json\/wp\/v2\/media?parent=41829"}],"wp:term":[{"taxonomy":"category","embeddable":true,"href":"https:\/\/blogdorogeriogomes.com.br\/noticias\/wp-json\/wp\/v2\/categories?post=41829"},{"taxonomy":"post_tag","embeddable":true,"href":"https:\/\/blogdorogeriogomes.com.br\/noticias\/wp-json\/wp\/v2\/tags?post=41829"}],"curies":[{"name":"wp","href":"https:\/\/api.w.org\/{rel}","templated":true}]}}