{"id":41833,"date":"2026-08-22T09:46:04","date_gmt":"2026-08-22T09:46:04","guid":{"rendered":"https:\/\/blogdorogeriogomes.com.br\/noticias\/?p=41833"},"modified":"2026-08-22T09:46:05","modified_gmt":"2026-08-22T09:46:05","slug":"ciro-gomes-foca-na-pauta-economica-e-visita-feira-de-cascavel-neste-sabado-apos-caminhada-em-ocara-na-sexta-feira","status":"publish","type":"post","link":"https:\/\/blogdorogeriogomes.com.br\/noticias\/2026\/08\/ciro-gomes-foca-na-pauta-economica-e-visita-feira-de-cascavel-neste-sabado-apos-caminhada-em-ocara-na-sexta-feira\/","title":{"rendered":"Ciro Gomes foca na pauta econ\u00f4mica e visita feira de Cascavel neste s\u00e1bado ap\u00f3s caminhada em Ocara na sexta-feira"},"content":{"rendered":"\n<p class=\"wp-block-paragraph\">O candidato ao Governo do Cear\u00e1, Ciro Gomes (PSDB), cumpre agenda de campanha na Regi\u00e3o Metropolitana de Fortaleza neste s\u00e1bado, dia 22 de agosto. O tucano inicia os seus compromissos oficiais com uma visita \u00e0 tradicional feira livre de Cascavel. A atividade em Cascavel repete a estrat\u00e9gia de proximidade popular adotada na v\u00e9spera e \u00e9 liderada por aliados locais, como o ex-prefeito Tino Ribeiro. Durante o ato, o candidato tem como principal objetivo discutir pautas voltadas \u00e0 economia regional e dialogar diretamente com comerciantes e produtores locais.<\/p>\n\n\n\n<p class=\"wp-block-paragraph\">O candidato tucano ainda tem agenda neste s\u00e1bado no Crato, onde participa do lan\u00e7amento da candidatura do aliado Dr. Alo\u00edsio e faz caminhada \u00e0 noite em festa do munic\u00edpio de Lavras da Mangabeira.<\/p>\n\n\n\n<p class=\"wp-block-paragraph\">O compromisso deste s\u00e1bado ocorre logo ap\u00f3s Ciro Gomes registrar uma mobiliza\u00e7\u00e3o de campanha nesta sexta-feira, dia 21, quando o candidato levou a sua milit\u00e2ncia, apelidada de &#8220;Onda Azul&#8221;, para as ruas do munic\u00edpio de Ocara, localizado a cerca de 100 quil\u00f4metros de Fortaleza. Na cidade, Ciro foi recepcionado pela vice-prefeita Amanda Bezerra (Republicanos) e por lideran\u00e7as comunit\u00e1rias.<\/p>\n\n\n\n<figure class=\"wp-block-image size-full\"><img loading=\"lazy\" decoding=\"async\" width=\"1024\" height=\"682\" src=\"https:\/\/blogdorogeriogomes.com.br\/noticias\/wp-content\/uploads\/2026\/08\/image-33-1024x682-1.png\" alt=\"\" class=\"wp-image-41834\" srcset=\"https:\/\/blogdorogeriogomes.com.br\/noticias\/wp-content\/uploads\/2026\/08\/image-33-1024x682-1.png 1024w, https:\/\/blogdorogeriogomes.com.br\/noticias\/wp-content\/uploads\/2026\/08\/image-33-1024x682-1-300x200.png 300w, https:\/\/blogdorogeriogomes.com.br\/noticias\/wp-content\/uploads\/2026\/08\/image-33-1024x682-1-768x512.png 768w, https:\/\/blogdorogeriogomes.com.br\/noticias\/wp-content\/uploads\/2026\/08\/image-33-1024x682-1-800x533.png 800w\" sizes=\"auto, (max-width: 1024px) 100vw, 1024px\" \/><\/figure>\n","protected":false},"excerpt":{"rendered":"<p>O candidato ao Governo do Cear\u00e1, Ciro Gomes (PSDB), cumpre agenda de campanha na Regi\u00e3o Metropolitana de Fortaleza neste s\u00e1bado, dia 22 de agosto. O tucano inicia os seus compromissos oficiais com uma visita \u00e0 tradicional feira livre de Cascavel. A atividade em Cascavel repete a estrat\u00e9gia de proximidade popular adotada na v\u00e9spera e \u00e9 liderada por aliados locais, como o ex-prefeito Tino Ribeiro. Durante o ato, o candidato tem como principal objetivo discutir pautas voltadas \u00e0 economia regional&hellip;<\/p>\n","protected":false},"author":1,"featured_media":41834,"comment_status":"open","ping_status":"open","sticky":false,"template":"","format":"standard","meta":{"footnotes":""},"categories":[1],"tags":[],"class_list":["post-41833","post","type-post","status-publish","format-standard","has-post-thumbnail","hentry","category-noticias"],"_links":{"self":[{"href":"https:\/\/blogdorogeriogomes.com.br\/noticias\/wp-json\/wp\/v2\/posts\/41833","targetHints":{"allow":["GET"]}}],"collection":[{"href":"https:\/\/blogdorogeriogomes.com.br\/noticias\/wp-json\/wp\/v2\/posts"}],"about":[{"href":"https:\/\/blogdorogeriogomes.com.br\/noticias\/wp-json\/wp\/v2\/types\/post"}],"author":[{"embeddable":true,"href":"https:\/\/blogdorogeriogomes.com.br\/noticias\/wp-json\/wp\/v2\/users\/1"}],"replies":[{"embeddable":true,"href":"https:\/\/blogdorogeriogomes.com.br\/noticias\/wp-json\/wp\/v2\/comments?post=41833"}],"version-history":[{"count":1,"href":"https:\/\/blogdorogeriogomes.com.br\/noticias\/wp-json\/wp\/v2\/posts\/41833\/revisions"}],"predecessor-version":[{"id":41835,"href":"https:\/\/blogdorogeriogomes.com.br\/noticias\/wp-json\/wp\/v2\/posts\/41833\/revisions\/41835"}],"wp:featuredmedia":[{"embeddable":true,"href":"https:\/\/blogdorogeriogomes.com.br\/noticias\/wp-json\/wp\/v2\/media\/41834"}],"wp:attachment":[{"href":"https:\/\/blogdorogeriogomes.com.br\/noticias\/wp-json\/wp\/v2\/media?parent=41833"}],"wp:term":[{"taxonomy":"category","embeddable":true,"href":"https:\/\/blogdorogeriogomes.com.br\/noticias\/wp-json\/wp\/v2\/categories?post=41833"},{"taxonomy":"post_tag","embeddable":true,"href":"https:\/\/blogdorogeriogomes.com.br\/noticias\/wp-json\/wp\/v2\/tags?post=41833"}],"curies":[{"name":"wp","href":"https:\/\/api.w.org\/{rel}","templated":true}]}}