{"id":41836,"date":"2026-08-22T09:56:34","date_gmt":"2026-08-22T09:56:34","guid":{"rendered":"https:\/\/blogdorogeriogomes.com.br\/noticias\/?p=41836"},"modified":"2026-08-22T09:58:18","modified_gmt":"2026-08-22T09:58:18","slug":"41836","status":"publish","type":"post","link":"https:\/\/blogdorogeriogomes.com.br\/noticias\/2026\/08\/41836\/","title":{"rendered":"Prefeito Evandro Leit\u00e3o anuncia constru\u00e7\u00e3o de 3.336 novas moradias pelo Minha Casa, Minha Vida para Fortaleza"},"content":{"rendered":"\n<p class=\"wp-block-paragraph\">O prefeito de Fortaleza, Evandro Leit\u00e3o (PT), anunciou, nesta sexta-feira, dia 21 de agosto, a constru\u00e7\u00e3o de 3.336 novas moradias populares por meio do programa Minha Casa, Minha Vida, em parceria com o Governo Federal. O an\u00fancio foi realizado durante visita ao Residencial Herculano Pena, no bairro Parque Presidente Vargas, onde tamb\u00e9m foi divulgada a lista de fam\u00edlias candidatas \u00e0s unidades habitacionais do empreendimento.<\/p>\n\n\n\n<p class=\"wp-block-paragraph\">O chefe do Executivo Municipal destacou que o an\u00fancio ocorreu no Dia Nacional da Habita\u00e7\u00e3o e que, com as novas unidades, os investimentos em habita\u00e7\u00e3o popular em Fortaleza, em parceria com o Governo Federal, j\u00e1 superam R$ 1 bilh\u00e3o.<\/p>\n\n\n\n<p class=\"wp-block-paragraph\">\u201cHoje, no Dia Nacional da Habita\u00e7\u00e3o, estamos anunciando mais 3.336 novas moradias para Fortaleza. Atualmente, temos 2.920 unidades em execu\u00e7\u00e3o e, at\u00e9 o final da nossa gest\u00e3o, vamos entregar mais de 6 mil moradias. Essas novas unidades ser\u00e3o distribu\u00eddas em 20 empreendimentos, localizados em oito Regionais de Fortaleza, com investimento superior a R$ 1 bilh\u00e3o\u201d, ressaltou o prefeito da Capital. <\/p>\n\n\n\n<figure class=\"wp-block-image size-full\"><img loading=\"lazy\" decoding=\"async\" width=\"723\" height=\"424\" src=\"https:\/\/blogdorogeriogomes.com.br\/noticias\/wp-content\/uploads\/2026\/08\/images-9.jpeg\" alt=\"\" class=\"wp-image-41837\" srcset=\"https:\/\/blogdorogeriogomes.com.br\/noticias\/wp-content\/uploads\/2026\/08\/images-9.jpeg 723w, https:\/\/blogdorogeriogomes.com.br\/noticias\/wp-content\/uploads\/2026\/08\/images-9-300x176.jpeg 300w\" sizes=\"auto, (max-width: 723px) 100vw, 723px\" \/><\/figure>\n","protected":false},"excerpt":{"rendered":"<p>O prefeito de Fortaleza, Evandro Leit\u00e3o (PT), anunciou, nesta sexta-feira, dia 21 de agosto, a constru\u00e7\u00e3o de 3.336 novas moradias populares por meio do programa Minha Casa, Minha Vida, em parceria com o Governo Federal. O an\u00fancio foi realizado durante visita ao Residencial Herculano Pena, no bairro Parque Presidente Vargas, onde tamb\u00e9m foi divulgada a lista de fam\u00edlias candidatas \u00e0s unidades habitacionais do empreendimento. O chefe do Executivo Municipal destacou que o an\u00fancio ocorreu no Dia Nacional da Habita\u00e7\u00e3o&hellip;<\/p>\n","protected":false},"author":1,"featured_media":41837,"comment_status":"open","ping_status":"open","sticky":false,"template":"","format":"standard","meta":{"footnotes":""},"categories":[1],"tags":[],"class_list":["post-41836","post","type-post","status-publish","format-standard","has-post-thumbnail","hentry","category-noticias"],"_links":{"self":[{"href":"https:\/\/blogdorogeriogomes.com.br\/noticias\/wp-json\/wp\/v2\/posts\/41836","targetHints":{"allow":["GET"]}}],"collection":[{"href":"https:\/\/blogdorogeriogomes.com.br\/noticias\/wp-json\/wp\/v2\/posts"}],"about":[{"href":"https:\/\/blogdorogeriogomes.com.br\/noticias\/wp-json\/wp\/v2\/types\/post"}],"author":[{"embeddable":true,"href":"https:\/\/blogdorogeriogomes.com.br\/noticias\/wp-json\/wp\/v2\/users\/1"}],"replies":[{"embeddable":true,"href":"https:\/\/blogdorogeriogomes.com.br\/noticias\/wp-json\/wp\/v2\/comments?post=41836"}],"version-history":[{"count":2,"href":"https:\/\/blogdorogeriogomes.com.br\/noticias\/wp-json\/wp\/v2\/posts\/41836\/revisions"}],"predecessor-version":[{"id":41840,"href":"https:\/\/blogdorogeriogomes.com.br\/noticias\/wp-json\/wp\/v2\/posts\/41836\/revisions\/41840"}],"wp:featuredmedia":[{"embeddable":true,"href":"https:\/\/blogdorogeriogomes.com.br\/noticias\/wp-json\/wp\/v2\/media\/41837"}],"wp:attachment":[{"href":"https:\/\/blogdorogeriogomes.com.br\/noticias\/wp-json\/wp\/v2\/media?parent=41836"}],"wp:term":[{"taxonomy":"category","embeddable":true,"href":"https:\/\/blogdorogeriogomes.com.br\/noticias\/wp-json\/wp\/v2\/categories?post=41836"},{"taxonomy":"post_tag","embeddable":true,"href":"https:\/\/blogdorogeriogomes.com.br\/noticias\/wp-json\/wp\/v2\/tags?post=41836"}],"curies":[{"name":"wp","href":"https:\/\/api.w.org\/{rel}","templated":true}]}}