{"id":41841,"date":"2026-08-23T12:57:31","date_gmt":"2026-08-23T12:57:31","guid":{"rendered":"https:\/\/blogdorogeriogomes.com.br\/noticias\/?p=41841"},"modified":"2026-08-23T12:57:32","modified_gmt":"2026-08-23T12:57:32","slug":"elmano-de-freitas-promete-hospital-em-caucaia-e-intensifica-campanha-na-regiao-metropolitana-de-fortaleza","status":"publish","type":"post","link":"https:\/\/blogdorogeriogomes.com.br\/noticias\/2026\/08\/elmano-de-freitas-promete-hospital-em-caucaia-e-intensifica-campanha-na-regiao-metropolitana-de-fortaleza\/","title":{"rendered":"Elmano de Freitas promete hospital em Caucaia e intensifica campanha na Regi\u00e3o Metropolitana de Fortaleza"},"content":{"rendered":"\n<p class=\"wp-block-paragraph\">O governador do Cear\u00e1 e candidato \u00e0 reelei\u00e7\u00e3o, Elmano de Freitas (PT), cumpriu uma maratona de compromissos pol\u00edticos neste s\u00e1bado, dia 22 de agosto. O candidato concentrou suas atividades em quatro munic\u00edpios da Regi\u00e3o Metropolitana de Fortaleza (RMF): Caucaia, Fortaleza, Maracana\u00fa e Aquiraz. A estrat\u00e9gia marcou o encerramento da primeira semana de sua campanha eleitoral de rua, priorizando o corpo a corpo com o eleitorado e o fortalecimento de alian\u00e7as locais.<\/p>\n\n\n\n<p class=\"wp-block-paragraph\">A agenda do candidato come\u00e7ou com uma caminhada no centro de Caucaia, onde Elmano conta com o apoio do prefeito Naumi Amorim (PSD). Durante o ato, o petista assumiu o compromisso p\u00fablico de construir um novo hospital no munic\u00edpio, elegendo a descentraliza\u00e7\u00e3o e a melhoria da sa\u00fade p\u00fablica como uma das principais bandeiras de sua plataforma de governo.<\/p>\n\n\n\n<p class=\"wp-block-paragraph\">Elmano retornou \u00e0 Xapital para participar do lan\u00e7amento oficial da candidatura do aliado Raimundo Martins (PT) a deputado federal. O evento serviu como palanque para refor\u00e7ar o pedido de &#8220;voto casado&#8221; na chapa governista, que inclui o apoio ao presidente Lula e aos candidatos ao Senado. No per\u00edodo da tarde, o candidato seguiu para Maracana\u00fa, munic\u00edpio liderado pelo prefeito Roberto Pessoa (PSD). No local, o governador comandou uma carreata pelas principais vias, mobilizando apoiadores e lideran\u00e7as da regi\u00e3o industrial.<\/p>\n\n\n\n<p class=\"wp-block-paragraph\">O encerramento do s\u00e1bado de mobiliza\u00e7\u00f5es ocorreu na Pra\u00e7a da Matriz de S\u00e3o Jos\u00e9 de Ribamar, em Aquiraz. Apoiado pelo gestor municipal Dr. Bruno Gon\u00e7alves (PSB), Elmano de Freitas liderou um grande ato pol\u00edtico focado na presta\u00e7\u00e3o de contas de sua atual gest\u00e3o e na proje\u00e7\u00e3o de novas metas econ\u00f4micas e sociais para o estado.<\/p>\n\n\n\n<figure class=\"wp-block-image size-large\"><img loading=\"lazy\" decoding=\"async\" width=\"1024\" height=\"644\" src=\"https:\/\/blogdorogeriogomes.com.br\/noticias\/wp-content\/uploads\/2026\/08\/IMG-20260823-WA0097-1024x644.jpg\" alt=\"\" class=\"wp-image-41842\" srcset=\"https:\/\/blogdorogeriogomes.com.br\/noticias\/wp-content\/uploads\/2026\/08\/IMG-20260823-WA0097-1024x644.jpg 1024w, https:\/\/blogdorogeriogomes.com.br\/noticias\/wp-content\/uploads\/2026\/08\/IMG-20260823-WA0097-300x189.jpg 300w, https:\/\/blogdorogeriogomes.com.br\/noticias\/wp-content\/uploads\/2026\/08\/IMG-20260823-WA0097-768x483.jpg 768w, https:\/\/blogdorogeriogomes.com.br\/noticias\/wp-content\/uploads\/2026\/08\/IMG-20260823-WA0097-1536x966.jpg 1536w, https:\/\/blogdorogeriogomes.com.br\/noticias\/wp-content\/uploads\/2026\/08\/IMG-20260823-WA0097-2048x1288.jpg 2048w, https:\/\/blogdorogeriogomes.com.br\/noticias\/wp-content\/uploads\/2026\/08\/IMG-20260823-WA0097-800x503.jpg 800w, https:\/\/blogdorogeriogomes.com.br\/noticias\/wp-content\/uploads\/2026\/08\/IMG-20260823-WA0097-320x202.jpg 320w, https:\/\/blogdorogeriogomes.com.br\/noticias\/wp-content\/uploads\/2026\/08\/IMG-20260823-WA0097-700x441.jpg 700w\" sizes=\"auto, (max-width: 1024px) 100vw, 1024px\" \/><\/figure>\n","protected":false},"excerpt":{"rendered":"<p>O governador do Cear\u00e1 e candidato \u00e0 reelei\u00e7\u00e3o, Elmano de Freitas (PT), cumpriu uma maratona de compromissos pol\u00edticos neste s\u00e1bado, dia 22 de agosto. O candidato concentrou suas atividades em quatro munic\u00edpios da Regi\u00e3o Metropolitana de Fortaleza (RMF): Caucaia, Fortaleza, Maracana\u00fa e Aquiraz. A estrat\u00e9gia marcou o encerramento da primeira semana de sua campanha eleitoral de rua, priorizando o corpo a corpo com o eleitorado e o fortalecimento de alian\u00e7as locais. A agenda do candidato come\u00e7ou com uma caminhada&hellip;<\/p>\n","protected":false},"author":1,"featured_media":41842,"comment_status":"open","ping_status":"open","sticky":false,"template":"","format":"standard","meta":{"footnotes":""},"categories":[1],"tags":[],"class_list":["post-41841","post","type-post","status-publish","format-standard","has-post-thumbnail","hentry","category-noticias"],"_links":{"self":[{"href":"https:\/\/blogdorogeriogomes.com.br\/noticias\/wp-json\/wp\/v2\/posts\/41841","targetHints":{"allow":["GET"]}}],"collection":[{"href":"https:\/\/blogdorogeriogomes.com.br\/noticias\/wp-json\/wp\/v2\/posts"}],"about":[{"href":"https:\/\/blogdorogeriogomes.com.br\/noticias\/wp-json\/wp\/v2\/types\/post"}],"author":[{"embeddable":true,"href":"https:\/\/blogdorogeriogomes.com.br\/noticias\/wp-json\/wp\/v2\/users\/1"}],"replies":[{"embeddable":true,"href":"https:\/\/blogdorogeriogomes.com.br\/noticias\/wp-json\/wp\/v2\/comments?post=41841"}],"version-history":[{"count":1,"href":"https:\/\/blogdorogeriogomes.com.br\/noticias\/wp-json\/wp\/v2\/posts\/41841\/revisions"}],"predecessor-version":[{"id":41843,"href":"https:\/\/blogdorogeriogomes.com.br\/noticias\/wp-json\/wp\/v2\/posts\/41841\/revisions\/41843"}],"wp:featuredmedia":[{"embeddable":true,"href":"https:\/\/blogdorogeriogomes.com.br\/noticias\/wp-json\/wp\/v2\/media\/41842"}],"wp:attachment":[{"href":"https:\/\/blogdorogeriogomes.com.br\/noticias\/wp-json\/wp\/v2\/media?parent=41841"}],"wp:term":[{"taxonomy":"category","embeddable":true,"href":"https:\/\/blogdorogeriogomes.com.br\/noticias\/wp-json\/wp\/v2\/categories?post=41841"},{"taxonomy":"post_tag","embeddable":true,"href":"https:\/\/blogdorogeriogomes.com.br\/noticias\/wp-json\/wp\/v2\/tags?post=41841"}],"curies":[{"name":"wp","href":"https:\/\/api.w.org\/{rel}","templated":true}]}}