{"id":41844,"date":"2026-08-23T13:16:05","date_gmt":"2026-08-23T13:16:05","guid":{"rendered":"https:\/\/blogdorogeriogomes.com.br\/noticias\/?p=41844"},"modified":"2026-08-23T13:23:40","modified_gmt":"2026-08-23T13:23:40","slug":"ciro-gomes-promete-mutirao-para-a-saude-em-caminhadas-pelo-interior-e-reforcar-feira-de-cascavel","status":"publish","type":"post","link":"https:\/\/blogdorogeriogomes.com.br\/noticias\/2026\/08\/ciro-gomes-promete-mutirao-para-a-saude-em-caminhadas-pelo-interior-e-reforcar-feira-de-cascavel\/","title":{"rendered":"Ciro Gomes promete mutir\u00e3o para a sa\u00fade em caminhadas pelo interior e refor\u00e7ar Feira de Cascavel"},"content":{"rendered":"\n<p class=\"wp-block-paragraph\">O candidato ao Governo do Cear\u00e1, Ciro Gomes (PSDB), cumpriu uma intensa agenda de campanha neste s\u00e1bado, dia 22 de agosto, passando por tr\u00eas munic\u00edpios do estado. Durante as atividades na Regi\u00e3o Metropolitana e no interior, o candidato focou em promessas para a sa\u00fade p\u00fablica e subiu o tom contra advers\u00e1rios pol\u00edticos.<\/p>\n\n\n\n<p class=\"wp-block-paragraph\">Em sua passagem pelo munic\u00edpio do Crato, Ciro aproveitou o palanque para responder \u00e0s declara\u00e7\u00f5es recentes do senador Camilo Santana (PT). Camilo havia classificado a estrat\u00e9gia da oposi\u00e7\u00e3o de buscar o &#8220;voto misto&#8221; (eleitores que votam em Lula para presidente e em Ciro para governador) como &#8220;oportunismo&#8221;. Ciro rebateu as cr\u00edticas chamando Camilo Santana e o atual governador Elmano de Freitas de &#8220;oportunistas&#8221; e relembrou alian\u00e7as de elei\u00e7\u00f5es anteriores. <\/p>\n\n\n\n<p class=\"wp-block-paragraph\">Pela manh\u00e3, a agenda do candidato come\u00e7ou com uma caminhada na tradicional Feira de S\u00e3o Bento, em Cascavel, considerada a maior feira livre do Cear\u00e1. Acompanhado de seu candidato a vice-governador, Roberto Cl\u00e1udio (Uni\u00e3o Brasil), e do ex-prefeito de Fortaleza, Jos\u00e9 Sarto, Ciro conversou com feirantes e moradores.<\/p>\n\n\n\n<p class=\"wp-block-paragraph\">Durante o ato, Ciro apresentou suas propostas e firmou o compromisso de focar na redu\u00e7\u00e3o das filas de espera por exames e cirurgias no estado. Quer realizar um Mutir\u00e3o da Sa\u00fade com foco em otimizar e fazer funcionar as estruturas e equipamentos m\u00e9dicos que o estado j\u00e1 possui. Tamb\u00e9m prop\u00f4s apoio ao empreendedor com a promessa de aux\u00edlio aos pequenos comerciantes locais para o enfrentamento da reforma tribut\u00e1ria estadual.<\/p>\n\n\n\n<p class=\"wp-block-paragraph\">Ap\u00f3s os compromissos em Cascavel e no Cariri, Ciro Gomes finalizou o s\u00e1bado com uma caminhada na feira da festa no munic\u00edpio de Lavras da Mangabeira, consolidando o s\u00e9timo dia oficial de sua campanha de rua focada no contato direto com o eleitorado do interior.<\/p>\n\n\n\n<figure class=\"wp-block-image size-large\"><img loading=\"lazy\" decoding=\"async\" width=\"819\" height=\"1024\" src=\"https:\/\/blogdorogeriogomes.com.br\/noticias\/wp-content\/uploads\/2026\/08\/IMG-20260823-WA0095-819x1024.jpg\" alt=\"\" class=\"wp-image-41845\" srcset=\"https:\/\/blogdorogeriogomes.com.br\/noticias\/wp-content\/uploads\/2026\/08\/IMG-20260823-WA0095-819x1024.jpg 819w, https:\/\/blogdorogeriogomes.com.br\/noticias\/wp-content\/uploads\/2026\/08\/IMG-20260823-WA0095-240x300.jpg 240w, https:\/\/blogdorogeriogomes.com.br\/noticias\/wp-content\/uploads\/2026\/08\/IMG-20260823-WA0095-768x960.jpg 768w, https:\/\/blogdorogeriogomes.com.br\/noticias\/wp-content\/uploads\/2026\/08\/IMG-20260823-WA0095-800x1000.jpg 800w, https:\/\/blogdorogeriogomes.com.br\/noticias\/wp-content\/uploads\/2026\/08\/IMG-20260823-WA0095.jpg 1024w\" sizes=\"auto, (max-width: 819px) 100vw, 819px\" \/><\/figure>\n","protected":false},"excerpt":{"rendered":"<p>O candidato ao Governo do Cear\u00e1, Ciro Gomes (PSDB), cumpriu uma intensa agenda de campanha neste s\u00e1bado, dia 22 de agosto, passando por tr\u00eas munic\u00edpios do estado. Durante as atividades na Regi\u00e3o Metropolitana e no interior, o candidato focou em promessas para a sa\u00fade p\u00fablica e subiu o tom contra advers\u00e1rios pol\u00edticos. Em sua passagem pelo munic\u00edpio do Crato, Ciro aproveitou o palanque para responder \u00e0s declara\u00e7\u00f5es recentes do senador Camilo Santana (PT). Camilo havia classificado a estrat\u00e9gia da&hellip;<\/p>\n","protected":false},"author":1,"featured_media":41845,"comment_status":"open","ping_status":"open","sticky":false,"template":"","format":"standard","meta":{"footnotes":""},"categories":[1],"tags":[],"class_list":["post-41844","post","type-post","status-publish","format-standard","has-post-thumbnail","hentry","category-noticias"],"_links":{"self":[{"href":"https:\/\/blogdorogeriogomes.com.br\/noticias\/wp-json\/wp\/v2\/posts\/41844","targetHints":{"allow":["GET"]}}],"collection":[{"href":"https:\/\/blogdorogeriogomes.com.br\/noticias\/wp-json\/wp\/v2\/posts"}],"about":[{"href":"https:\/\/blogdorogeriogomes.com.br\/noticias\/wp-json\/wp\/v2\/types\/post"}],"author":[{"embeddable":true,"href":"https:\/\/blogdorogeriogomes.com.br\/noticias\/wp-json\/wp\/v2\/users\/1"}],"replies":[{"embeddable":true,"href":"https:\/\/blogdorogeriogomes.com.br\/noticias\/wp-json\/wp\/v2\/comments?post=41844"}],"version-history":[{"count":2,"href":"https:\/\/blogdorogeriogomes.com.br\/noticias\/wp-json\/wp\/v2\/posts\/41844\/revisions"}],"predecessor-version":[{"id":41847,"href":"https:\/\/blogdorogeriogomes.com.br\/noticias\/wp-json\/wp\/v2\/posts\/41844\/revisions\/41847"}],"wp:featuredmedia":[{"embeddable":true,"href":"https:\/\/blogdorogeriogomes.com.br\/noticias\/wp-json\/wp\/v2\/media\/41845"}],"wp:attachment":[{"href":"https:\/\/blogdorogeriogomes.com.br\/noticias\/wp-json\/wp\/v2\/media?parent=41844"}],"wp:term":[{"taxonomy":"category","embeddable":true,"href":"https:\/\/blogdorogeriogomes.com.br\/noticias\/wp-json\/wp\/v2\/categories?post=41844"},{"taxonomy":"post_tag","embeddable":true,"href":"https:\/\/blogdorogeriogomes.com.br\/noticias\/wp-json\/wp\/v2\/tags?post=41844"}],"curies":[{"name":"wp","href":"https:\/\/api.w.org\/{rel}","templated":true}]}}