{"id":41848,"date":"2026-08-23T13:44:15","date_gmt":"2026-08-23T13:44:15","guid":{"rendered":"https:\/\/blogdorogeriogomes.com.br\/noticias\/?p=41848"},"modified":"2026-08-23T13:49:02","modified_gmt":"2026-08-23T13:49:02","slug":"na-disputa-por-vaga-na-camara-dos-deputados-tainah-marinho-percorre-oito-municipios-na-primeira-semana-em-itapipoca-faz-dobradinha-com-liziany-medeiros-que-concorre-para-assembleia-legislativa","status":"publish","type":"post","link":"https:\/\/blogdorogeriogomes.com.br\/noticias\/2026\/08\/na-disputa-por-vaga-na-camara-dos-deputados-tainah-marinho-percorre-oito-municipios-na-primeira-semana-em-itapipoca-faz-dobradinha-com-liziany-medeiros-que-concorre-para-assembleia-legislativa\/","title":{"rendered":"Na disputa por vaga na C\u00e2mara dos Deputados, Tainah Marinho percorre oito munic\u00edpios na primeira semana. Em Itapipoca faz &#8220;dobradinha&#8221; com Liziany Medeiros que concorre para Assembleia Legislativa"},"content":{"rendered":"\n<p class=\"wp-block-paragraph\">Candidaturas proporcionais tamb\u00e9m trabalham forte no interior em busca de votos. A candidata a deputada federal Tainah Marinho (PSB) cumpriu uma agenda movimentada ao longo da semana, passando por oito munic\u00edpios cearenses em reuni\u00f5es com lideran\u00e7as pol\u00edticas e comunit\u00e1rias.<\/p>\n\n\n\n<p class=\"wp-block-paragraph\">Na \u00faltima ter\u00e7a-feira, Tainah esteve em Maracana\u00fa, onde se reuniu com lideran\u00e7as locais. Em Fortaleza, participou da inaugura\u00e7\u00e3o do comit\u00ea \u201cTainah e Romeu\u201d. Na quinta-feira, seguiu para Itapipoca, para a abertura do comit\u00ea da candidata Liziany Medeiros (PT).<\/p>\n\n\n\n<p class=\"wp-block-paragraph\">A sexta-feira foi de agenda tripla: passou por Guai\u00faba, participou da inaugura\u00e7\u00e3o do comit\u00ea do candidato a deputado estadual Gardel Rolim, em Fortaleza, e \u00e0 tarde seguiu para Lavras da Mangabeira, onde esteve ao lado do candidato a deputado estadual Daniel Oliveira.<\/p>\n\n\n\n<p class=\"wp-block-paragraph\">No s\u00e1bado, a candidata participou de uma caminhada em Itapipoca com o prefeito Felipe Pinheiro (PT) e a candidata Liziany Medeiros (PT), seguiu para Ipueiras para um encontro com o prefeito J\u00fanior do Tito, e passou por Ipu, no Encontro da Liberdade.<\/p>\n\n\n\n<p class=\"wp-block-paragraph\">A semana se encerra neste domingo, dia 23 de agosto, em Granja, com o grande ato de campanha \u201cPor Granja, pelo Cear\u00e1\u201d. A partir das 17 horas, na Pra\u00e7a do Letreiro \u201cEu Amo Granja\u201d, Tainah se junta ao deputado estadual Romeu Aldigueri, al\u00e9m do governador Elmano de Freitas, do senador Cid Gomes, de Luizianne Lins e da vice-prefeita Gabriella Aguiar, em um momento de mobiliza\u00e7\u00e3o e di\u00e1logo com a popula\u00e7\u00e3o do munic\u00edpio.<\/p>\n\n\n\n<figure class=\"wp-block-image size-large\"><img loading=\"lazy\" decoding=\"async\" width=\"473\" height=\"1024\" src=\"https:\/\/blogdorogeriogomes.com.br\/noticias\/wp-content\/uploads\/2026\/08\/IMG_1394-473x1024.jpg\" alt=\"\" class=\"wp-image-41851\" srcset=\"https:\/\/blogdorogeriogomes.com.br\/noticias\/wp-content\/uploads\/2026\/08\/IMG_1394-473x1024.jpg 473w, https:\/\/blogdorogeriogomes.com.br\/noticias\/wp-content\/uploads\/2026\/08\/IMG_1394-139x300.jpg 139w, https:\/\/blogdorogeriogomes.com.br\/noticias\/wp-content\/uploads\/2026\/08\/IMG_1394.jpg 704w\" sizes=\"auto, (max-width: 473px) 100vw, 473px\" \/><\/figure>\n\n\n\n<p class=\"wp-block-paragraph\"><\/p>\n","protected":false},"excerpt":{"rendered":"<p>Candidaturas proporcionais tamb\u00e9m trabalham forte no interior em busca de votos. A candidata a deputada federal Tainah Marinho (PSB) cumpriu uma agenda movimentada ao longo da semana, passando por oito munic\u00edpios cearenses em reuni\u00f5es com lideran\u00e7as pol\u00edticas e comunit\u00e1rias. Na \u00faltima ter\u00e7a-feira, Tainah esteve em Maracana\u00fa, onde se reuniu com lideran\u00e7as locais. Em Fortaleza, participou da inaugura\u00e7\u00e3o do comit\u00ea \u201cTainah e Romeu\u201d. Na quinta-feira, seguiu para Itapipoca, para a abertura do comit\u00ea da candidata Liziany Medeiros (PT). A sexta-feira&hellip;<\/p>\n","protected":false},"author":1,"featured_media":41851,"comment_status":"open","ping_status":"open","sticky":false,"template":"","format":"standard","meta":{"footnotes":""},"categories":[1],"tags":[],"class_list":["post-41848","post","type-post","status-publish","format-standard","has-post-thumbnail","hentry","category-noticias"],"_links":{"self":[{"href":"https:\/\/blogdorogeriogomes.com.br\/noticias\/wp-json\/wp\/v2\/posts\/41848","targetHints":{"allow":["GET"]}}],"collection":[{"href":"https:\/\/blogdorogeriogomes.com.br\/noticias\/wp-json\/wp\/v2\/posts"}],"about":[{"href":"https:\/\/blogdorogeriogomes.com.br\/noticias\/wp-json\/wp\/v2\/types\/post"}],"author":[{"embeddable":true,"href":"https:\/\/blogdorogeriogomes.com.br\/noticias\/wp-json\/wp\/v2\/users\/1"}],"replies":[{"embeddable":true,"href":"https:\/\/blogdorogeriogomes.com.br\/noticias\/wp-json\/wp\/v2\/comments?post=41848"}],"version-history":[{"count":4,"href":"https:\/\/blogdorogeriogomes.com.br\/noticias\/wp-json\/wp\/v2\/posts\/41848\/revisions"}],"predecessor-version":[{"id":41853,"href":"https:\/\/blogdorogeriogomes.com.br\/noticias\/wp-json\/wp\/v2\/posts\/41848\/revisions\/41853"}],"wp:featuredmedia":[{"embeddable":true,"href":"https:\/\/blogdorogeriogomes.com.br\/noticias\/wp-json\/wp\/v2\/media\/41851"}],"wp:attachment":[{"href":"https:\/\/blogdorogeriogomes.com.br\/noticias\/wp-json\/wp\/v2\/media?parent=41848"}],"wp:term":[{"taxonomy":"category","embeddable":true,"href":"https:\/\/blogdorogeriogomes.com.br\/noticias\/wp-json\/wp\/v2\/categories?post=41848"},{"taxonomy":"post_tag","embeddable":true,"href":"https:\/\/blogdorogeriogomes.com.br\/noticias\/wp-json\/wp\/v2\/tags?post=41848"}],"curies":[{"name":"wp","href":"https:\/\/api.w.org\/{rel}","templated":true}]}}