{"id":41854,"date":"2026-08-24T12:30:09","date_gmt":"2026-08-24T12:30:09","guid":{"rendered":"https:\/\/blogdorogeriogomes.com.br\/noticias\/?p=41854"},"modified":"2026-08-24T12:30:10","modified_gmt":"2026-08-24T12:30:10","slug":"elmano-de-freitas-acelera-campanha-a-reeleicao-com-agenda-em-fortaleza-e-granja","status":"publish","type":"post","link":"https:\/\/blogdorogeriogomes.com.br\/noticias\/2026\/08\/elmano-de-freitas-acelera-campanha-a-reeleicao-com-agenda-em-fortaleza-e-granja\/","title":{"rendered":"Elmano de Freitas acelera campanha \u00e0 reelei\u00e7\u00e3o com agenda em Fortaleza e Granja"},"content":{"rendered":"\n<p class=\"wp-block-paragraph\">O governador do Cear\u00e1 e candidato \u00e0 reelei\u00e7\u00e3o, Elmano de Freitas (PT), cumpriu neste domingo, dia 23 de agosto, uma intensa agenda de mobiliza\u00e7\u00e3o popular focada na Regi\u00e3o Metropolitana e no interior do estado. Elmano liderou uma caminhada pelas ruas do bairro Ant\u00f4nio Bezerra, em Fortaleza. O governador esteve ao lado do prefeito Evandro Leit\u00e3o (PT) e de parlamentares da base governista.<\/p>\n\n\n\n<p class=\"wp-block-paragraph\">Em seu discurso na capital, a principal promessa de campanha foi a amplia\u00e7\u00e3o das Casas da Mulher Cearense para refor\u00e7ar a seguran\u00e7a p\u00fablica e assist\u00eancia de g\u00eanero no estado.<\/p>\n\n\n\n<p class=\"wp-block-paragraph\">Depois, a comitiva governista seguiu direto para o munic\u00edpio de Granja, na Zona Norte. O ato uniu militantes para uma caminhada e evento pol\u00edtico focado no fortalecimento das candidaturas da coliga\u00e7\u00e3o \u201cCear\u00e1 Forte, do Lado Certo\u201d. Elmano buscou nacionalizar o debate local ao refor\u00e7ar o pedido de votos vinculados diretamente \u00e0 imagem do presidente Lula e dos candidatos ao Senado de sua chapa, Cid Gomes (PSB) e Luizianne Lins (Rede).<\/p>\n\n\n\n<p class=\"wp-block-paragraph\">Nesta segunda-feira, dia 24, Elmano participou de uma caminhada no bairro Vila Velha e realiza uma carreata \u00e0 noite no Parque Arax\u00e1 e no Rodolfo Te\u00f3filo,  em Fortaleza. <\/p>\n\n\n\n<figure class=\"wp-block-image size-large\"><img loading=\"lazy\" decoding=\"async\" width=\"1024\" height=\"898\" src=\"https:\/\/blogdorogeriogomes.com.br\/noticias\/wp-content\/uploads\/2026\/08\/images-10-1024x898.jpeg\" alt=\"\" class=\"wp-image-41855\" srcset=\"https:\/\/blogdorogeriogomes.com.br\/noticias\/wp-content\/uploads\/2026\/08\/images-10-1024x898.jpeg 1024w, https:\/\/blogdorogeriogomes.com.br\/noticias\/wp-content\/uploads\/2026\/08\/images-10-300x263.jpeg 300w, https:\/\/blogdorogeriogomes.com.br\/noticias\/wp-content\/uploads\/2026\/08\/images-10-768x673.jpeg 768w, https:\/\/blogdorogeriogomes.com.br\/noticias\/wp-content\/uploads\/2026\/08\/images-10-1536x1347.jpeg 1536w, https:\/\/blogdorogeriogomes.com.br\/noticias\/wp-content\/uploads\/2026\/08\/images-10-800x701.jpeg 800w, https:\/\/blogdorogeriogomes.com.br\/noticias\/wp-content\/uploads\/2026\/08\/images-10.jpeg 1656w\" sizes=\"auto, (max-width: 1024px) 100vw, 1024px\" \/><\/figure>\n","protected":false},"excerpt":{"rendered":"<p>O governador do Cear\u00e1 e candidato \u00e0 reelei\u00e7\u00e3o, Elmano de Freitas (PT), cumpriu neste domingo, dia 23 de agosto, uma intensa agenda de mobiliza\u00e7\u00e3o popular focada na Regi\u00e3o Metropolitana e no interior do estado. Elmano liderou uma caminhada pelas ruas do bairro Ant\u00f4nio Bezerra, em Fortaleza. O governador esteve ao lado do prefeito Evandro Leit\u00e3o (PT) e de parlamentares da base governista. Em seu discurso na capital, a principal promessa de campanha foi a amplia\u00e7\u00e3o das Casas da Mulher&hellip;<\/p>\n","protected":false},"author":1,"featured_media":41855,"comment_status":"open","ping_status":"open","sticky":false,"template":"","format":"standard","meta":{"footnotes":""},"categories":[1],"tags":[],"class_list":["post-41854","post","type-post","status-publish","format-standard","has-post-thumbnail","hentry","category-noticias"],"_links":{"self":[{"href":"https:\/\/blogdorogeriogomes.com.br\/noticias\/wp-json\/wp\/v2\/posts\/41854","targetHints":{"allow":["GET"]}}],"collection":[{"href":"https:\/\/blogdorogeriogomes.com.br\/noticias\/wp-json\/wp\/v2\/posts"}],"about":[{"href":"https:\/\/blogdorogeriogomes.com.br\/noticias\/wp-json\/wp\/v2\/types\/post"}],"author":[{"embeddable":true,"href":"https:\/\/blogdorogeriogomes.com.br\/noticias\/wp-json\/wp\/v2\/users\/1"}],"replies":[{"embeddable":true,"href":"https:\/\/blogdorogeriogomes.com.br\/noticias\/wp-json\/wp\/v2\/comments?post=41854"}],"version-history":[{"count":1,"href":"https:\/\/blogdorogeriogomes.com.br\/noticias\/wp-json\/wp\/v2\/posts\/41854\/revisions"}],"predecessor-version":[{"id":41856,"href":"https:\/\/blogdorogeriogomes.com.br\/noticias\/wp-json\/wp\/v2\/posts\/41854\/revisions\/41856"}],"wp:featuredmedia":[{"embeddable":true,"href":"https:\/\/blogdorogeriogomes.com.br\/noticias\/wp-json\/wp\/v2\/media\/41855"}],"wp:attachment":[{"href":"https:\/\/blogdorogeriogomes.com.br\/noticias\/wp-json\/wp\/v2\/media?parent=41854"}],"wp:term":[{"taxonomy":"category","embeddable":true,"href":"https:\/\/blogdorogeriogomes.com.br\/noticias\/wp-json\/wp\/v2\/categories?post=41854"},{"taxonomy":"post_tag","embeddable":true,"href":"https:\/\/blogdorogeriogomes.com.br\/noticias\/wp-json\/wp\/v2\/tags?post=41854"}],"curies":[{"name":"wp","href":"https:\/\/api.w.org\/{rel}","templated":true}]}}