{"id":41857,"date":"2026-08-24T12:58:00","date_gmt":"2026-08-24T12:58:00","guid":{"rendered":"https:\/\/blogdorogeriogomes.com.br\/noticias\/?p=41857"},"modified":"2026-08-24T13:03:02","modified_gmt":"2026-08-24T13:03:02","slug":"ciro-gomes-defende-reformulacao-do-turismo-e-critica-seguranca-em-ato-na-praia-do-futuro","status":"publish","type":"post","link":"https:\/\/blogdorogeriogomes.com.br\/noticias\/2026\/08\/ciro-gomes-defende-reformulacao-do-turismo-e-critica-seguranca-em-ato-na-praia-do-futuro\/","title":{"rendered":"Ciro Gomes defende reformula\u00e7\u00e3o do turismo e critica seguran\u00e7a em ato na Praia do Futuro"},"content":{"rendered":"\n<p class=\"wp-block-paragraph\">O ex-ministro e candidato ao Pal\u00e1cio da Aboli\u00e7\u00e3o, Ciro Gomes (PSDB), intensificou suas atividades de campanha no \u00faltimo domingo, dia 23 de agosto, com uma agenda movimentada na capital cearense. Acompanhado de seu candidato a vice-governador, Roberto Cl\u00e1udio (Uni\u00e3o Brasil), e de lideran\u00e7as aliadas, o tucano participou de um grande adesiva\u00e7o e dialogou com a popula\u00e7\u00e3o.<\/p>\n\n\n\n<p class=\"wp-block-paragraph\">Ciro realizou um breve circuito de carro pela regi\u00e3o e, em seguida, caminhou para conversar diretamente com moradores e comerciantes locais. A equipe de mobiliza\u00e7\u00e3o promoveu um evento de colagem de adesivos, reunindo apoiadores caracterizados com o azul da identidade visual da campanha.<\/p>\n\n\n\n<p class=\"wp-block-paragraph\">O candidato do PSDB fez a defesa de uma gest\u00e3o t\u00e9cnica para retomar o protagonismo do Cear\u00e1 no cen\u00e1rio nacional e internacional. Tamb\u00e9m o combate \u00e0 sazonalidade com foco na expans\u00e3o do turismo de neg\u00f3cios e de eventos para garantir movimenta\u00e7\u00e3o econ\u00f4mica fora das altas temporadas. Ciro Gomes tamb\u00e9m prometeu fortalecer os polos tradicionais de Fortaleza, impulsionando a gera\u00e7\u00e3o de emprego e renda para os trabalhadores da praia.<\/p>\n\n\n\n<figure class=\"wp-block-image size-large\"><img loading=\"lazy\" decoding=\"async\" width=\"819\" height=\"1024\" src=\"https:\/\/blogdorogeriogomes.com.br\/noticias\/wp-content\/uploads\/2026\/08\/IMG-20260824-WA0059-819x1024.jpg\" alt=\"\" class=\"wp-image-41858\" srcset=\"https:\/\/blogdorogeriogomes.com.br\/noticias\/wp-content\/uploads\/2026\/08\/IMG-20260824-WA0059-819x1024.jpg 819w, https:\/\/blogdorogeriogomes.com.br\/noticias\/wp-content\/uploads\/2026\/08\/IMG-20260824-WA0059-240x300.jpg 240w, https:\/\/blogdorogeriogomes.com.br\/noticias\/wp-content\/uploads\/2026\/08\/IMG-20260824-WA0059-768x960.jpg 768w, https:\/\/blogdorogeriogomes.com.br\/noticias\/wp-content\/uploads\/2026\/08\/IMG-20260824-WA0059-800x1000.jpg 800w, https:\/\/blogdorogeriogomes.com.br\/noticias\/wp-content\/uploads\/2026\/08\/IMG-20260824-WA0059.jpg 1024w\" sizes=\"auto, (max-width: 819px) 100vw, 819px\" \/><\/figure>\n","protected":false},"excerpt":{"rendered":"<p>O ex-ministro e candidato ao Pal\u00e1cio da Aboli\u00e7\u00e3o, Ciro Gomes (PSDB), intensificou suas atividades de campanha no \u00faltimo domingo, dia 23 de agosto, com uma agenda movimentada na capital cearense. Acompanhado de seu candidato a vice-governador, Roberto Cl\u00e1udio (Uni\u00e3o Brasil), e de lideran\u00e7as aliadas, o tucano participou de um grande adesiva\u00e7o e dialogou com a popula\u00e7\u00e3o. Ciro realizou um breve circuito de carro pela regi\u00e3o e, em seguida, caminhou para conversar diretamente com moradores e comerciantes locais. A equipe&hellip;<\/p>\n","protected":false},"author":1,"featured_media":41859,"comment_status":"open","ping_status":"open","sticky":false,"template":"","format":"standard","meta":{"footnotes":""},"categories":[1],"tags":[],"class_list":["post-41857","post","type-post","status-publish","format-standard","has-post-thumbnail","hentry","category-noticias"],"_links":{"self":[{"href":"https:\/\/blogdorogeriogomes.com.br\/noticias\/wp-json\/wp\/v2\/posts\/41857","targetHints":{"allow":["GET"]}}],"collection":[{"href":"https:\/\/blogdorogeriogomes.com.br\/noticias\/wp-json\/wp\/v2\/posts"}],"about":[{"href":"https:\/\/blogdorogeriogomes.com.br\/noticias\/wp-json\/wp\/v2\/types\/post"}],"author":[{"embeddable":true,"href":"https:\/\/blogdorogeriogomes.com.br\/noticias\/wp-json\/wp\/v2\/users\/1"}],"replies":[{"embeddable":true,"href":"https:\/\/blogdorogeriogomes.com.br\/noticias\/wp-json\/wp\/v2\/comments?post=41857"}],"version-history":[{"count":2,"href":"https:\/\/blogdorogeriogomes.com.br\/noticias\/wp-json\/wp\/v2\/posts\/41857\/revisions"}],"predecessor-version":[{"id":41861,"href":"https:\/\/blogdorogeriogomes.com.br\/noticias\/wp-json\/wp\/v2\/posts\/41857\/revisions\/41861"}],"wp:featuredmedia":[{"embeddable":true,"href":"https:\/\/blogdorogeriogomes.com.br\/noticias\/wp-json\/wp\/v2\/media\/41859"}],"wp:attachment":[{"href":"https:\/\/blogdorogeriogomes.com.br\/noticias\/wp-json\/wp\/v2\/media?parent=41857"}],"wp:term":[{"taxonomy":"category","embeddable":true,"href":"https:\/\/blogdorogeriogomes.com.br\/noticias\/wp-json\/wp\/v2\/categories?post=41857"},{"taxonomy":"post_tag","embeddable":true,"href":"https:\/\/blogdorogeriogomes.com.br\/noticias\/wp-json\/wp\/v2\/tags?post=41857"}],"curies":[{"name":"wp","href":"https:\/\/api.w.org\/{rel}","templated":true}]}}