{"id":41862,"date":"2026-08-24T13:22:43","date_gmt":"2026-08-24T13:22:43","guid":{"rendered":"https:\/\/blogdorogeriogomes.com.br\/noticias\/?p=41862"},"modified":"2026-08-24T13:22:48","modified_gmt":"2026-08-24T13:22:48","slug":"ausencia-de-favoritos-esvazia-primeiro-debate-presidencial-na-band-lula-deu-entrevista-exclusiva-a-recordtv-no-mesmo-horario","status":"publish","type":"post","link":"https:\/\/blogdorogeriogomes.com.br\/noticias\/2026\/08\/ausencia-de-favoritos-esvazia-primeiro-debate-presidencial-na-band-lula-deu-entrevista-exclusiva-a-recordtv-no-mesmo-horario\/","title":{"rendered":"Aus\u00eancia de favoritos esvazia primeiro debate presidencial na Band. Lula deu entrevista exclusiva \u00e0 RecordTV no mesmo hor\u00e1rio"},"content":{"rendered":"\n<p class=\"wp-block-paragraph\">O primeiro debate entre os candidatos \u00e0 Presid\u00eancia da Rep\u00fablica, realizado pela Band, neste domingo, dia 23 de agosto, foi marcado pelo esvaziamento do confronto direto devido \u00e0 aus\u00eancia estrat\u00e9gica de l\u00edderes nas pesquisas: o presidente Luiz In\u00e1cio Lula da Silva, o senador Fl\u00e1vio Bolsonaro e o ex-governador Romeu Zema. Em vez de comparecer aos est\u00fadios da emissora em S\u00e3o Paulo, o presidente Lula optou por cumprir agenda paralela, concedendo uma entrevista exclusiva \u00e0 Record TV no mesmo hor\u00e1rio. <\/p>\n\n\n\n<p class=\"wp-block-paragraph\">Fl\u00e1vio Bolsonaro e Romeu Zema tamb\u00e9m decidiram n\u00e3o participar do encontro, justificando suas aus\u00eancias por incompatibilidade de agendas e reformula\u00e7\u00f5es de estrat\u00e9gias partid\u00e1rias. Sem os principais nomes da disputa no cen\u00e1rio nacional, o debate perdeu a tra\u00e7\u00e3o esperada e concentrou as discuss\u00f5es entre os candidatos de partidos com menor express\u00e3o e representantes da chamada &#8220;terceira via&#8221;. <\/p>\n\n\n\n<p class=\"wp-block-paragraph\">Os postulantes presentes criticaram duramente a postura dos ausentes, classificando a decis\u00e3o como um &#8220;desrespeito ao eleitor&#8221; e uma &#8220;fuga do confronto de ideias&#8221;. Analistas pol\u00edticos apontam que a pulveriza\u00e7\u00e3o das audi\u00eancias e o c\u00e1lculo pol\u00edtico de evitar a exposi\u00e7\u00e3o a ataques diretos motivaram o esvaziamento do evento.<\/p>\n\n\n\n<p class=\"wp-block-paragraph\">A aus\u00eancia de Lula na Band e sua escolha pela Record refletem uma estrat\u00e9gia de priorizar sabatinas individuais controladas, reduzindo os riscos inerentes aos embates diretos do formato tradicional de debate.<\/p>\n\n\n\n<figure class=\"wp-block-image size-large\"><img loading=\"lazy\" decoding=\"async\" width=\"1024\" height=\"898\" src=\"https:\/\/blogdorogeriogomes.com.br\/noticias\/wp-content\/uploads\/2026\/08\/HQcWC17XQAALYOo-1024x898.jpg\" alt=\"\" class=\"wp-image-41863\" srcset=\"https:\/\/blogdorogeriogomes.com.br\/noticias\/wp-content\/uploads\/2026\/08\/HQcWC17XQAALYOo-1024x898.jpg 1024w, https:\/\/blogdorogeriogomes.com.br\/noticias\/wp-content\/uploads\/2026\/08\/HQcWC17XQAALYOo-300x263.jpg 300w, https:\/\/blogdorogeriogomes.com.br\/noticias\/wp-content\/uploads\/2026\/08\/HQcWC17XQAALYOo-768x673.jpg 768w, https:\/\/blogdorogeriogomes.com.br\/noticias\/wp-content\/uploads\/2026\/08\/HQcWC17XQAALYOo-800x701.jpg 800w, https:\/\/blogdorogeriogomes.com.br\/noticias\/wp-content\/uploads\/2026\/08\/HQcWC17XQAALYOo.jpg 1200w\" sizes=\"auto, (max-width: 1024px) 100vw, 1024px\" \/><\/figure>\n","protected":false},"excerpt":{"rendered":"<p>O primeiro debate entre os candidatos \u00e0 Presid\u00eancia da Rep\u00fablica, realizado pela Band, neste domingo, dia 23 de agosto, foi marcado pelo esvaziamento do confronto direto devido \u00e0 aus\u00eancia estrat\u00e9gica de l\u00edderes nas pesquisas: o presidente Luiz In\u00e1cio Lula da Silva, o senador Fl\u00e1vio Bolsonaro e o ex-governador Romeu Zema. Em vez de comparecer aos est\u00fadios da emissora em S\u00e3o Paulo, o presidente Lula optou por cumprir agenda paralela, concedendo uma entrevista exclusiva \u00e0 Record TV no mesmo hor\u00e1rio.&hellip;<\/p>\n","protected":false},"author":1,"featured_media":41863,"comment_status":"open","ping_status":"open","sticky":false,"template":"","format":"standard","meta":{"footnotes":""},"categories":[1],"tags":[],"class_list":["post-41862","post","type-post","status-publish","format-standard","has-post-thumbnail","hentry","category-noticias"],"_links":{"self":[{"href":"https:\/\/blogdorogeriogomes.com.br\/noticias\/wp-json\/wp\/v2\/posts\/41862","targetHints":{"allow":["GET"]}}],"collection":[{"href":"https:\/\/blogdorogeriogomes.com.br\/noticias\/wp-json\/wp\/v2\/posts"}],"about":[{"href":"https:\/\/blogdorogeriogomes.com.br\/noticias\/wp-json\/wp\/v2\/types\/post"}],"author":[{"embeddable":true,"href":"https:\/\/blogdorogeriogomes.com.br\/noticias\/wp-json\/wp\/v2\/users\/1"}],"replies":[{"embeddable":true,"href":"https:\/\/blogdorogeriogomes.com.br\/noticias\/wp-json\/wp\/v2\/comments?post=41862"}],"version-history":[{"count":1,"href":"https:\/\/blogdorogeriogomes.com.br\/noticias\/wp-json\/wp\/v2\/posts\/41862\/revisions"}],"predecessor-version":[{"id":41864,"href":"https:\/\/blogdorogeriogomes.com.br\/noticias\/wp-json\/wp\/v2\/posts\/41862\/revisions\/41864"}],"wp:featuredmedia":[{"embeddable":true,"href":"https:\/\/blogdorogeriogomes.com.br\/noticias\/wp-json\/wp\/v2\/media\/41863"}],"wp:attachment":[{"href":"https:\/\/blogdorogeriogomes.com.br\/noticias\/wp-json\/wp\/v2\/media?parent=41862"}],"wp:term":[{"taxonomy":"category","embeddable":true,"href":"https:\/\/blogdorogeriogomes.com.br\/noticias\/wp-json\/wp\/v2\/categories?post=41862"},{"taxonomy":"post_tag","embeddable":true,"href":"https:\/\/blogdorogeriogomes.com.br\/noticias\/wp-json\/wp\/v2\/tags?post=41862"}],"curies":[{"name":"wp","href":"https:\/\/api.w.org\/{rel}","templated":true}]}}