{"id":41868,"date":"2026-08-24T17:18:08","date_gmt":"2026-08-24T17:18:08","guid":{"rendered":"https:\/\/blogdorogeriogomes.com.br\/noticias\/?p=41868"},"modified":"2026-08-24T17:18:08","modified_gmt":"2026-08-24T17:18:08","slug":"luizianne-lins-e-mitchelle-meira-celebram-91-anos-do-raimundo-do-queijo-e-destacam-memoria-cultural-de-fortaleza","status":"publish","type":"post","link":"https:\/\/blogdorogeriogomes.com.br\/noticias\/2026\/08\/luizianne-lins-e-mitchelle-meira-celebram-91-anos-do-raimundo-do-queijo-e-destacam-memoria-cultural-de-fortaleza\/","title":{"rendered":"Luizianne Lins e Mitchelle Meira celebram 91 anos do Raimundo do Queijo e destacam mem\u00f3ria cultural de Fortaleza"},"content":{"rendered":"\n<p class=\"wp-block-paragraph\">O domingo, dia 23 de agosto, foi de celebra\u00e7\u00e3o e mem\u00f3ria no Centro de Fortaleza, com a comemora\u00e7\u00e3o dos 91 anos de Raimundo do Queijo, um dos personagens mais tradicionais e queridos da capital cearense. Entre familiares, amigos, frequentadores e lideran\u00e7as pol\u00edticas que participaram da homenagem, estiveram as candidatas Luizianne Lins, que disputa o Senado Federal e Mitchelle Meira, candidata a deputada federal, al\u00e9m de v\u00e1rios pol\u00edticos.<\/p>\n\n\n\n<p class=\"wp-block-paragraph\">Luizianne e Mitchelle participaram da celebra\u00e7\u00e3o e destacaram a import\u00e2ncia de Raimundo do Queijo para a hist\u00f3ria cotidiana de Fortaleza. Para Luizianne, a trajet\u00f3ria de Raimundo representa uma parte da mem\u00f3ria afetiva e cultural da cidade, constru\u00edda ao longo de d\u00e9cadas a partir da conviv\u00eancia com diferentes gera\u00e7\u00f5es de fortalezenses.<\/p>\n\n\n\n<p class=\"wp-block-paragraph\">Mitchelle tamb\u00e9m ressaltou a import\u00e2ncia de preservar espa\u00e7os e personagens que fazem parte da cultura popular e da hist\u00f3ria do Centro. Segundo ela, a trajet\u00f3ria de Raimundo mostra como a gastronomia, a conviv\u00eancia e a cultura podem se transformar em refer\u00eancias permanentes para uma cidade.<\/p>\n\n\n\n<p class=\"wp-block-paragraph\">A homenagem aos 91 anos reuniu pessoas que acompanham a hist\u00f3ria de Raimundo e frequentam seu tradicional estabelecimento, reconhecido como um ponto de encontro da cultura e da culin\u00e1ria popular de Fortaleza.<\/p>\n\n\n\n<p class=\"wp-block-paragraph\">Raimundo do Queijo recebeu, em 2020, o reconhecimento como Patrim\u00f4nio Tur\u00edstico de Fortaleza, refor\u00e7ando a import\u00e2ncia do espa\u00e7o para a identidade cultural da capital. Ao longo dos anos, o local se consolidou como ponto de encontro de artistas, pol\u00edticos, jornalistas, trabalhadores, moradores e visitantes, atravessando diferentes per\u00edodos da hist\u00f3ria da cidade.<\/p>\n\n\n\n<p class=\"wp-block-paragraph\">A participa\u00e7\u00e3o de Luizianne e Mitchelle na celebra\u00e7\u00e3o tamb\u00e9m ocorreu em meio \u00e0 campanha eleitoral de 2026. A rela\u00e7\u00e3o pol\u00edtica entre as duas candidatas antecede a atual elei\u00e7\u00e3o. Mitchelle participou da gest\u00e3o de Luizianne na Prefeitura de Fortaleza e posteriormente construiu trajet\u00f3ria na defesa dos direitos humanos e das pol\u00edticas de diversidade. Foi a primeira coordenadora nacional da Pol\u00edtica LGBT durante o Governo Lula e tamb\u00e9m atuou na pol\u00edtica estadual de cidadania e diversidade durante o Governo Elmano de Freitas.<\/p>\n\n\n\n<p class=\"wp-block-paragraph\">Luizianne, por sua vez, foi vereadora, deputada estadual, prefeita de Fortaleza por dois mandatos e deputada federal por tr\u00eas legislaturas. Em 2026, depois de 37 anos de filia\u00e7\u00e3o ao PT, passou a disputar o Senado pela Rede Sustentabilidade.<\/p>\n\n\n\n<p class=\"wp-block-paragraph\">Ao participar da comemora\u00e7\u00e3o, as duas candidatas destacaram a import\u00e2ncia de manter vivas as refer\u00eancias que ajudam a contar a hist\u00f3ria de Fortaleza, especialmente aquelas constru\u00eddas a partir da cultura popular, da gastronomia e da conviv\u00eancia entre diferentes gera\u00e7\u00f5es.<\/p>\n\n\n\n<figure class=\"wp-block-image size-large\"><img loading=\"lazy\" decoding=\"async\" width=\"1024\" height=\"768\" src=\"https:\/\/blogdorogeriogomes.com.br\/noticias\/wp-content\/uploads\/2026\/08\/IMG-20260823-WA0233-1024x768.jpg\" alt=\"\" class=\"wp-image-41869\" srcset=\"https:\/\/blogdorogeriogomes.com.br\/noticias\/wp-content\/uploads\/2026\/08\/IMG-20260823-WA0233-1024x768.jpg 1024w, https:\/\/blogdorogeriogomes.com.br\/noticias\/wp-content\/uploads\/2026\/08\/IMG-20260823-WA0233-300x225.jpg 300w, https:\/\/blogdorogeriogomes.com.br\/noticias\/wp-content\/uploads\/2026\/08\/IMG-20260823-WA0233-768x576.jpg 768w, https:\/\/blogdorogeriogomes.com.br\/noticias\/wp-content\/uploads\/2026\/08\/IMG-20260823-WA0233-1536x1152.jpg 1536w, https:\/\/blogdorogeriogomes.com.br\/noticias\/wp-content\/uploads\/2026\/08\/IMG-20260823-WA0233-800x600.jpg 800w, https:\/\/blogdorogeriogomes.com.br\/noticias\/wp-content\/uploads\/2026\/08\/IMG-20260823-WA0233-400x300.jpg 400w, https:\/\/blogdorogeriogomes.com.br\/noticias\/wp-content\/uploads\/2026\/08\/IMG-20260823-WA0233.jpg 1600w\" sizes=\"auto, (max-width: 1024px) 100vw, 1024px\" \/><\/figure>\n\n\n\n<p class=\"wp-block-paragraph\"><\/p>\n\n\n\n<p class=\"wp-block-paragraph\"><\/p>\n","protected":false},"excerpt":{"rendered":"<p>O domingo, dia 23 de agosto, foi de celebra\u00e7\u00e3o e mem\u00f3ria no Centro de Fortaleza, com a comemora\u00e7\u00e3o dos 91 anos de Raimundo do Queijo, um dos personagens mais tradicionais e queridos da capital cearense. Entre familiares, amigos, frequentadores e lideran\u00e7as pol\u00edticas que participaram da homenagem, estiveram as candidatas Luizianne Lins, que disputa o Senado Federal e Mitchelle Meira, candidata a deputada federal, al\u00e9m de v\u00e1rios pol\u00edticos. Luizianne e Mitchelle participaram da celebra\u00e7\u00e3o e destacaram a import\u00e2ncia de Raimundo&hellip;<\/p>\n","protected":false},"author":1,"featured_media":41869,"comment_status":"open","ping_status":"open","sticky":false,"template":"","format":"standard","meta":{"footnotes":""},"categories":[1],"tags":[],"class_list":["post-41868","post","type-post","status-publish","format-standard","has-post-thumbnail","hentry","category-noticias"],"_links":{"self":[{"href":"https:\/\/blogdorogeriogomes.com.br\/noticias\/wp-json\/wp\/v2\/posts\/41868","targetHints":{"allow":["GET"]}}],"collection":[{"href":"https:\/\/blogdorogeriogomes.com.br\/noticias\/wp-json\/wp\/v2\/posts"}],"about":[{"href":"https:\/\/blogdorogeriogomes.com.br\/noticias\/wp-json\/wp\/v2\/types\/post"}],"author":[{"embeddable":true,"href":"https:\/\/blogdorogeriogomes.com.br\/noticias\/wp-json\/wp\/v2\/users\/1"}],"replies":[{"embeddable":true,"href":"https:\/\/blogdorogeriogomes.com.br\/noticias\/wp-json\/wp\/v2\/comments?post=41868"}],"version-history":[{"count":1,"href":"https:\/\/blogdorogeriogomes.com.br\/noticias\/wp-json\/wp\/v2\/posts\/41868\/revisions"}],"predecessor-version":[{"id":41870,"href":"https:\/\/blogdorogeriogomes.com.br\/noticias\/wp-json\/wp\/v2\/posts\/41868\/revisions\/41870"}],"wp:featuredmedia":[{"embeddable":true,"href":"https:\/\/blogdorogeriogomes.com.br\/noticias\/wp-json\/wp\/v2\/media\/41869"}],"wp:attachment":[{"href":"https:\/\/blogdorogeriogomes.com.br\/noticias\/wp-json\/wp\/v2\/media?parent=41868"}],"wp:term":[{"taxonomy":"category","embeddable":true,"href":"https:\/\/blogdorogeriogomes.com.br\/noticias\/wp-json\/wp\/v2\/categories?post=41868"},{"taxonomy":"post_tag","embeddable":true,"href":"https:\/\/blogdorogeriogomes.com.br\/noticias\/wp-json\/wp\/v2\/tags?post=41868"}],"curies":[{"name":"wp","href":"https:\/\/api.w.org\/{rel}","templated":true}]}}