{"id":41872,"date":"2026-08-24T17:22:35","date_gmt":"2026-08-24T17:22:35","guid":{"rendered":"https:\/\/blogdorogeriogomes.com.br\/noticias\/?p=41872"},"modified":"2026-08-24T17:22:37","modified_gmt":"2026-08-24T17:22:37","slug":"diretoria-do-sinapro-representa-ceara-no-encontro-nacional-das-agencias-de-propaganda-em-belo-horizonte","status":"publish","type":"post","link":"https:\/\/blogdorogeriogomes.com.br\/noticias\/2026\/08\/diretoria-do-sinapro-representa-ceara-no-encontro-nacional-das-agencias-de-propaganda-em-belo-horizonte\/","title":{"rendered":"Diretoria do Sinapro representa Cear\u00e1 no Encontro Nacional das ag\u00eancias de Propaganda em Belo Horizonte"},"content":{"rendered":"\n<p class=\"wp-block-paragraph\">A diretoria do Sindicato das Ag\u00eancias de Propaganda do Estado do Cear\u00e1 (Sinapro-CE) esteve presente nos encontros do mercado publicit\u00e1rio brasileiro realizados nos \u00faltimos dias 20 e 21 de agosto, em Belo Horizonte (MG). O evento reuniu cerca de 35 lideran\u00e7as associativas de mais de 20 estados para debater os rumos da ind\u00fastria, melhores pr\u00e1ticas e pautas estrat\u00e9gicas nacionais.<\/p>\n\n\n\n<p class=\"wp-block-paragraph\">A comitiva do Cear\u00e1 contou com a presen\u00e7a do presidente do Sinapro-CE, Lavor Neto, e dos diretores Evandro Colares e Giacomo Brayner. A iniciativa foi promovida pelo Sistema Sinapro\/Fenapro (Federa\u00e7\u00e3o Nacional das Ag\u00eancias de Propaganda), presidido por Ana Celina Bruno, que representa mais de 900 ag\u00eancias no Pa\u00eds, com apoio do Sinapro-MG, anfitri\u00e3o do evento.<\/p>\n\n\n\n<p class=\"wp-block-paragraph\">A programa\u00e7\u00e3o contou com tr\u00eas momentos centrais de articula\u00e7\u00e3o e debates:<\/p>\n\n\n\n<p class=\"wp-block-paragraph\">Encontro Nacional das Ag\u00eancias de Propaganda: Reuni\u00e3o exclusiva para lideran\u00e7as do sistema, com foco nas transforma\u00e7\u00f5es do setor diante da Reforma Tribut\u00e1ria, nos impactos do ECA Digital na publicidade e no desenvolvimento de projetos de forma\u00e7\u00e3o profissional.<\/p>\n\n\n\n<p class=\"wp-block-paragraph\">6\u00aa edi\u00e7\u00e3o da Rodada Nacional: Encontro aberto a associadas e n\u00e3o associadas para apresentar as ferramentas, servi\u00e7os e o suporte institucional oferecidos pelo Sistema Fenapro\/Sinapro \u00e0s empresas do segmento.<\/p>\n\n\n\n<p class=\"wp-block-paragraph\">Encontro com o Mercado: Promovido pelo Sinapro-MG para convidados e ag\u00eancias, centrou suas discuss\u00f5es na urg\u00eancia do acesso e amplia\u00e7\u00e3o da diversidade dentro do mercado publicit\u00e1rio.<\/p>\n\n\n\n<p class=\"wp-block-paragraph\">A participa\u00e7\u00e3o da diretoria cearense refor\u00e7a o engajamento do estado nas grandes decis\u00f5es do ecossistema publicit\u00e1rio e na busca por solu\u00e7\u00f5es que fortale\u00e7am as ag\u00eancias locais.<\/p>\n\n\n\n<figure class=\"wp-block-image size-large\"><img loading=\"lazy\" decoding=\"async\" width=\"768\" height=\"1024\" src=\"https:\/\/blogdorogeriogomes.com.br\/noticias\/wp-content\/uploads\/2026\/08\/IMG-20260824-WA0310-768x1024.jpg\" alt=\"\" class=\"wp-image-41873\" srcset=\"https:\/\/blogdorogeriogomes.com.br\/noticias\/wp-content\/uploads\/2026\/08\/IMG-20260824-WA0310-768x1024.jpg 768w, https:\/\/blogdorogeriogomes.com.br\/noticias\/wp-content\/uploads\/2026\/08\/IMG-20260824-WA0310-225x300.jpg 225w, https:\/\/blogdorogeriogomes.com.br\/noticias\/wp-content\/uploads\/2026\/08\/IMG-20260824-WA0310-800x1067.jpg 800w, https:\/\/blogdorogeriogomes.com.br\/noticias\/wp-content\/uploads\/2026\/08\/IMG-20260824-WA0310.jpg 960w\" sizes=\"auto, (max-width: 768px) 100vw, 768px\" \/><\/figure>\n\n\n\n<p class=\"wp-block-paragraph\"><\/p>\n","protected":false},"excerpt":{"rendered":"<p>A diretoria do Sindicato das Ag\u00eancias de Propaganda do Estado do Cear\u00e1 (Sinapro-CE) esteve presente nos encontros do mercado publicit\u00e1rio brasileiro realizados nos \u00faltimos dias 20 e 21 de agosto, em Belo Horizonte (MG). O evento reuniu cerca de 35 lideran\u00e7as associativas de mais de 20 estados para debater os rumos da ind\u00fastria, melhores pr\u00e1ticas e pautas estrat\u00e9gicas nacionais. A comitiva do Cear\u00e1 contou com a presen\u00e7a do presidente do Sinapro-CE, Lavor Neto, e dos diretores Evandro Colares e&hellip;<\/p>\n","protected":false},"author":1,"featured_media":41873,"comment_status":"open","ping_status":"open","sticky":false,"template":"","format":"standard","meta":{"footnotes":""},"categories":[1],"tags":[],"class_list":["post-41872","post","type-post","status-publish","format-standard","has-post-thumbnail","hentry","category-noticias"],"_links":{"self":[{"href":"https:\/\/blogdorogeriogomes.com.br\/noticias\/wp-json\/wp\/v2\/posts\/41872","targetHints":{"allow":["GET"]}}],"collection":[{"href":"https:\/\/blogdorogeriogomes.com.br\/noticias\/wp-json\/wp\/v2\/posts"}],"about":[{"href":"https:\/\/blogdorogeriogomes.com.br\/noticias\/wp-json\/wp\/v2\/types\/post"}],"author":[{"embeddable":true,"href":"https:\/\/blogdorogeriogomes.com.br\/noticias\/wp-json\/wp\/v2\/users\/1"}],"replies":[{"embeddable":true,"href":"https:\/\/blogdorogeriogomes.com.br\/noticias\/wp-json\/wp\/v2\/comments?post=41872"}],"version-history":[{"count":1,"href":"https:\/\/blogdorogeriogomes.com.br\/noticias\/wp-json\/wp\/v2\/posts\/41872\/revisions"}],"predecessor-version":[{"id":41874,"href":"https:\/\/blogdorogeriogomes.com.br\/noticias\/wp-json\/wp\/v2\/posts\/41872\/revisions\/41874"}],"wp:featuredmedia":[{"embeddable":true,"href":"https:\/\/blogdorogeriogomes.com.br\/noticias\/wp-json\/wp\/v2\/media\/41873"}],"wp:attachment":[{"href":"https:\/\/blogdorogeriogomes.com.br\/noticias\/wp-json\/wp\/v2\/media?parent=41872"}],"wp:term":[{"taxonomy":"category","embeddable":true,"href":"https:\/\/blogdorogeriogomes.com.br\/noticias\/wp-json\/wp\/v2\/categories?post=41872"},{"taxonomy":"post_tag","embeddable":true,"href":"https:\/\/blogdorogeriogomes.com.br\/noticias\/wp-json\/wp\/v2\/tags?post=41872"}],"curies":[{"name":"wp","href":"https:\/\/api.w.org\/{rel}","templated":true}]}}