{"id":41878,"date":"2026-08-25T10:52:52","date_gmt":"2026-08-25T10:52:52","guid":{"rendered":"https:\/\/blogdorogeriogomes.com.br\/noticias\/?p=41878"},"modified":"2026-08-25T10:53:33","modified_gmt":"2026-08-25T10:53:33","slug":"lula-articula-com-davi-alcolumbre-e-higo-motta-para-votar-fim-da-escala-6x1-e-pec-da-seguranca-ate-as-eleicoes-de-outubro","status":"publish","type":"post","link":"https:\/\/blogdorogeriogomes.com.br\/noticias\/2026\/08\/lula-articula-com-davi-alcolumbre-e-higo-motta-para-votar-fim-da-escala-6x1-e-pec-da-seguranca-ate-as-eleicoes-de-outubro\/","title":{"rendered":"Lula articula com Davi Alcolumbre e Hugo Motta para votar fim da escala 6&#215;1 e PEC da Seguran\u00e7a at\u00e9 as elei\u00e7\u00f5es de outubro"},"content":{"rendered":"\n<p class=\"wp-block-paragraph\">O presidente Luiz In\u00e1cio Lula da Silva lidera uma ofensiva pol\u00edtica para articular a tramita\u00e7\u00e3o de duas pautas estruturais: o fim da escala de trabalho 6&#215;1 e a PEC da Seguran\u00e7a P\u00fablica. Em reuni\u00e3o com o presidente do Senado, Davi Alcolumbre, e o presidente da C\u00e2mara, Hugo Motta, o chefe do Executivo buscou alinhar o andamento dos projetos no Congresso Nacional. O objetivo do Pal\u00e1cio do Planalto \u00e9 debater o avan\u00e7o e a vota\u00e7\u00e3o de ambas as mat\u00e9rias, consolidando essas pautas na agenda legislativa.<\/p>\n\n\n\n<p class=\"wp-block-paragraph\">As negocia\u00e7\u00f5es entre o Governo Federal e a c\u00fapula do Legislativo envolvem discuss\u00f5es sobre o ritmo dos projetos nas comiss\u00f5es. No Senado, o presidente da Casa, Davi Alcolumbre, tratou do encaminhamento das propostas. Na C\u00e2mara dos Deputados, a interlocu\u00e7\u00e3o com o presidente Hugo Motta aborda o debate em torno da revis\u00e3o da jornada de trabalho e das propostas de seguran\u00e7a.<\/p>\n\n\n\n<p class=\"wp-block-paragraph\">A articula\u00e7\u00e3o do Planalto ocorre em meio a debates sobre o calend\u00e1rio de vota\u00e7\u00f5es do Congresso e o tempo necess\u00e1rio para a an\u00e1lise de Propostas de Emenda \u00e0 Constitui\u00e7\u00e3o. Enquanto o Executivo busca acelerar a tramita\u00e7\u00e3o para obter resultados pr\u00e1ticos dessas pautas, a c\u00fapula do Legislativo avalia os prazos e os tr\u00e2mites regimentais exigidos para a aprova\u00e7\u00e3o nas duas Casas.<\/p>\n\n\n\n<figure class=\"wp-block-image size-large\"><img loading=\"lazy\" decoding=\"async\" width=\"1024\" height=\"683\" src=\"https:\/\/blogdorogeriogomes.com.br\/noticias\/wp-content\/uploads\/2026\/08\/L6JV7J5ARZGMFIBPHXSOP6FLRY-1024x683.jpg\" alt=\"\" class=\"wp-image-41879\" srcset=\"https:\/\/blogdorogeriogomes.com.br\/noticias\/wp-content\/uploads\/2026\/08\/L6JV7J5ARZGMFIBPHXSOP6FLRY-1024x683.jpg 1024w, https:\/\/blogdorogeriogomes.com.br\/noticias\/wp-content\/uploads\/2026\/08\/L6JV7J5ARZGMFIBPHXSOP6FLRY-300x200.jpg 300w, https:\/\/blogdorogeriogomes.com.br\/noticias\/wp-content\/uploads\/2026\/08\/L6JV7J5ARZGMFIBPHXSOP6FLRY-768x512.jpg 768w, https:\/\/blogdorogeriogomes.com.br\/noticias\/wp-content\/uploads\/2026\/08\/L6JV7J5ARZGMFIBPHXSOP6FLRY-1536x1024.jpg 1536w, https:\/\/blogdorogeriogomes.com.br\/noticias\/wp-content\/uploads\/2026\/08\/L6JV7J5ARZGMFIBPHXSOP6FLRY-2048x1366.jpg 2048w, https:\/\/blogdorogeriogomes.com.br\/noticias\/wp-content\/uploads\/2026\/08\/L6JV7J5ARZGMFIBPHXSOP6FLRY-800x534.jpg 800w\" sizes=\"auto, (max-width: 1024px) 100vw, 1024px\" \/><\/figure>\n","protected":false},"excerpt":{"rendered":"<p>O presidente Luiz In\u00e1cio Lula da Silva lidera uma ofensiva pol\u00edtica para articular a tramita\u00e7\u00e3o de duas pautas estruturais: o fim da escala de trabalho 6&#215;1 e a PEC da Seguran\u00e7a P\u00fablica. Em reuni\u00e3o com o presidente do Senado, Davi Alcolumbre, e o presidente da C\u00e2mara, Hugo Motta, o chefe do Executivo buscou alinhar o andamento dos projetos no Congresso Nacional. O objetivo do Pal\u00e1cio do Planalto \u00e9 debater o avan\u00e7o e a vota\u00e7\u00e3o de ambas as mat\u00e9rias, consolidando&hellip;<\/p>\n","protected":false},"author":1,"featured_media":41879,"comment_status":"open","ping_status":"open","sticky":false,"template":"","format":"standard","meta":{"footnotes":""},"categories":[1],"tags":[],"class_list":["post-41878","post","type-post","status-publish","format-standard","has-post-thumbnail","hentry","category-noticias"],"_links":{"self":[{"href":"https:\/\/blogdorogeriogomes.com.br\/noticias\/wp-json\/wp\/v2\/posts\/41878","targetHints":{"allow":["GET"]}}],"collection":[{"href":"https:\/\/blogdorogeriogomes.com.br\/noticias\/wp-json\/wp\/v2\/posts"}],"about":[{"href":"https:\/\/blogdorogeriogomes.com.br\/noticias\/wp-json\/wp\/v2\/types\/post"}],"author":[{"embeddable":true,"href":"https:\/\/blogdorogeriogomes.com.br\/noticias\/wp-json\/wp\/v2\/users\/1"}],"replies":[{"embeddable":true,"href":"https:\/\/blogdorogeriogomes.com.br\/noticias\/wp-json\/wp\/v2\/comments?post=41878"}],"version-history":[{"count":2,"href":"https:\/\/blogdorogeriogomes.com.br\/noticias\/wp-json\/wp\/v2\/posts\/41878\/revisions"}],"predecessor-version":[{"id":41881,"href":"https:\/\/blogdorogeriogomes.com.br\/noticias\/wp-json\/wp\/v2\/posts\/41878\/revisions\/41881"}],"wp:featuredmedia":[{"embeddable":true,"href":"https:\/\/blogdorogeriogomes.com.br\/noticias\/wp-json\/wp\/v2\/media\/41879"}],"wp:attachment":[{"href":"https:\/\/blogdorogeriogomes.com.br\/noticias\/wp-json\/wp\/v2\/media?parent=41878"}],"wp:term":[{"taxonomy":"category","embeddable":true,"href":"https:\/\/blogdorogeriogomes.com.br\/noticias\/wp-json\/wp\/v2\/categories?post=41878"},{"taxonomy":"post_tag","embeddable":true,"href":"https:\/\/blogdorogeriogomes.com.br\/noticias\/wp-json\/wp\/v2\/tags?post=41878"}],"curies":[{"name":"wp","href":"https:\/\/api.w.org\/{rel}","templated":true}]}}