{"id":41882,"date":"2026-08-25T11:11:00","date_gmt":"2026-08-25T11:11:00","guid":{"rendered":"https:\/\/blogdorogeriogomes.com.br\/noticias\/?p=41882"},"modified":"2026-08-25T11:11:01","modified_gmt":"2026-08-25T11:11:01","slug":"prefeito-evandro-leitao-envia-novo-pccs-da-guarda-municipal-e-defesa-civil-para-votacao-na-camara-dos-vereadores-de-fortaleza","status":"publish","type":"post","link":"https:\/\/blogdorogeriogomes.com.br\/noticias\/2026\/08\/prefeito-evandro-leitao-envia-novo-pccs-da-guarda-municipal-e-defesa-civil-para-votacao-na-camara-dos-vereadores-de-fortaleza\/","title":{"rendered":"Prefeito Evandro Leit\u00e3o envia novo PCCS da Guarda Municipal e Defesa Civil para vota\u00e7\u00e3o na C\u00e2mara dos Vereadores de Fortaleza"},"content":{"rendered":"\n<p class=\"wp-block-paragraph\">O prefeito Evandro Leit\u00e3o encaminhou \u00e0 C\u00e2mara Municipal de Fortaleza (CMFor), nesta segunda-feira, dia 24 de agosto, o novo Plano de Cargos, Carreiras e Sal\u00e1rios (PCCS) voltado para os servidores da Guarda Municipal (GMF), Defesa Civil e Assessoria de Seguran\u00e7a Institucional (ASI). A proposta atualiza regras de evolu\u00e7\u00e3o profissional e melhora as condi\u00e7\u00f5es salariais de mais de tr\u00eas mil trabalhadores ap\u00f3s um hiato de 19 anos sem revis\u00f5es.<\/p>\n\n\n\n<p class=\"wp-block-paragraph\">O an\u00fancio ocorreu no Centro Integrado de Seguran\u00e7a de Fortaleza (Cisfor) durante a solenidade de promo\u00e7\u00e3o de 50 guardas municipais, sendo 25 promovidos a subinspetores e 25 a inspetores. De acordo com o prefeito, o texto foi constru\u00eddo em consenso com as categorias para garantir crit\u00e9rios transparentes de ascens\u00e3o na carreira. <\/p>\n\n\n\n<p class=\"wp-block-paragraph\">O presidente da C\u00e2mara Municipal de Fortaleza, vereador Leo Couto, informou que a mat\u00e9ria deve entrar na pauta de vota\u00e7\u00e3o imediatamente, com expectativa de aprova\u00e7\u00e3o final j\u00e1 para a pr\u00f3xima semana.<\/p>\n\n\n\n<figure class=\"wp-block-image size-large\"><img loading=\"lazy\" decoding=\"async\" width=\"1024\" height=\"576\" src=\"https:\/\/blogdorogeriogomes.com.br\/noticias\/wp-content\/uploads\/2026\/08\/IMG-20260825-WA0076-1024x576.jpg\" alt=\"\" class=\"wp-image-41883\" srcset=\"https:\/\/blogdorogeriogomes.com.br\/noticias\/wp-content\/uploads\/2026\/08\/IMG-20260825-WA0076-1024x576.jpg 1024w, https:\/\/blogdorogeriogomes.com.br\/noticias\/wp-content\/uploads\/2026\/08\/IMG-20260825-WA0076-300x169.jpg 300w, https:\/\/blogdorogeriogomes.com.br\/noticias\/wp-content\/uploads\/2026\/08\/IMG-20260825-WA0076-768x432.jpg 768w, https:\/\/blogdorogeriogomes.com.br\/noticias\/wp-content\/uploads\/2026\/08\/IMG-20260825-WA0076-800x450.jpg 800w, https:\/\/blogdorogeriogomes.com.br\/noticias\/wp-content\/uploads\/2026\/08\/IMG-20260825-WA0076.jpg 1500w\" sizes=\"auto, (max-width: 1024px) 100vw, 1024px\" \/><\/figure>\n\n\n\n<hr class=\"wp-block-separator has-alpha-channel-opacity\"\/>\n","protected":false},"excerpt":{"rendered":"<p>O prefeito Evandro Leit\u00e3o encaminhou \u00e0 C\u00e2mara Municipal de Fortaleza (CMFor), nesta segunda-feira, dia 24 de agosto, o novo Plano de Cargos, Carreiras e Sal\u00e1rios (PCCS) voltado para os servidores da Guarda Municipal (GMF), Defesa Civil e Assessoria de Seguran\u00e7a Institucional (ASI). A proposta atualiza regras de evolu\u00e7\u00e3o profissional e melhora as condi\u00e7\u00f5es salariais de mais de tr\u00eas mil trabalhadores ap\u00f3s um hiato de 19 anos sem revis\u00f5es. O an\u00fancio ocorreu no Centro Integrado de Seguran\u00e7a de Fortaleza (Cisfor)&hellip;<\/p>\n","protected":false},"author":1,"featured_media":41883,"comment_status":"open","ping_status":"open","sticky":false,"template":"","format":"standard","meta":{"footnotes":""},"categories":[1],"tags":[],"class_list":["post-41882","post","type-post","status-publish","format-standard","has-post-thumbnail","hentry","category-noticias"],"_links":{"self":[{"href":"https:\/\/blogdorogeriogomes.com.br\/noticias\/wp-json\/wp\/v2\/posts\/41882","targetHints":{"allow":["GET"]}}],"collection":[{"href":"https:\/\/blogdorogeriogomes.com.br\/noticias\/wp-json\/wp\/v2\/posts"}],"about":[{"href":"https:\/\/blogdorogeriogomes.com.br\/noticias\/wp-json\/wp\/v2\/types\/post"}],"author":[{"embeddable":true,"href":"https:\/\/blogdorogeriogomes.com.br\/noticias\/wp-json\/wp\/v2\/users\/1"}],"replies":[{"embeddable":true,"href":"https:\/\/blogdorogeriogomes.com.br\/noticias\/wp-json\/wp\/v2\/comments?post=41882"}],"version-history":[{"count":1,"href":"https:\/\/blogdorogeriogomes.com.br\/noticias\/wp-json\/wp\/v2\/posts\/41882\/revisions"}],"predecessor-version":[{"id":41884,"href":"https:\/\/blogdorogeriogomes.com.br\/noticias\/wp-json\/wp\/v2\/posts\/41882\/revisions\/41884"}],"wp:featuredmedia":[{"embeddable":true,"href":"https:\/\/blogdorogeriogomes.com.br\/noticias\/wp-json\/wp\/v2\/media\/41883"}],"wp:attachment":[{"href":"https:\/\/blogdorogeriogomes.com.br\/noticias\/wp-json\/wp\/v2\/media?parent=41882"}],"wp:term":[{"taxonomy":"category","embeddable":true,"href":"https:\/\/blogdorogeriogomes.com.br\/noticias\/wp-json\/wp\/v2\/categories?post=41882"},{"taxonomy":"post_tag","embeddable":true,"href":"https:\/\/blogdorogeriogomes.com.br\/noticias\/wp-json\/wp\/v2\/tags?post=41882"}],"curies":[{"name":"wp","href":"https:\/\/api.w.org\/{rel}","templated":true}]}}