{"id":41885,"date":"2026-08-25T11:33:30","date_gmt":"2026-08-25T11:33:30","guid":{"rendered":"https:\/\/blogdorogeriogomes.com.br\/noticias\/?p=41885"},"modified":"2026-08-25T11:33:30","modified_gmt":"2026-08-25T11:33:30","slug":"elmano-de-freitas-e-ciro-gomes-concentram-atividades-em-fortaleza-e-regiao-metropolitana-nesta-terca-feira","status":"publish","type":"post","link":"https:\/\/blogdorogeriogomes.com.br\/noticias\/2026\/08\/elmano-de-freitas-e-ciro-gomes-concentram-atividades-em-fortaleza-e-regiao-metropolitana-nesta-terca-feira\/","title":{"rendered":"Elmano de Freitas e Ciro Gomes concentram atividades em Fortaleza e Regi\u00e3o Metropolitana nesta ter\u00e7a-feira"},"content":{"rendered":"\n<p class=\"wp-block-paragraph\">O governador Elmano de Freitas (PT) e o ex-ministro Ciro Gomes (PSDB) concentram suas atividades de campanha, nesta ter\u00e7a-feira, dia 25 de agosto, em Fortaleza e Regi\u00e3o Metropolitana. Elmano faz caminhada no Planalto Ayrton Senna, em Fortaleza, e participa da inaugura\u00e7\u00e3o dos comit\u00eas de Lu\u00edsa Cela e Yury do Pared\u00e3o, tamb\u00e9m na Capital. J\u00e1 Ciro Gomes tem uma caminhada no bairro Bom Jardim e uma mini-carreata em Caucaia. <\/p>\n\n\n\n<p class=\"wp-block-paragraph\">Nesta segunda-feira, dia 24, o governador e candidato \u00e0 reelei\u00e7\u00e3o Elmano de Freitas (PT) iniciou sua agenda com uma caminhada no Bairro Vila Velha, em Fortaleza. O governador explicou algumas de suas propostas para as \u00e1reas de seguran\u00e7a p\u00fablica, juventude e educa\u00e7\u00e3o. Um dos projetos que prop\u00f4s \u00e9 voltado para jovens que vivem em cidades com alto \u00edndice de viol\u00eancia. A programa\u00e7\u00e3o incluiu ainda uma carreata entre os bairros Rodolfo Te\u00f3filo e Parque Arax\u00e1.<\/p>\n\n\n\n<p class=\"wp-block-paragraph\">O candidato Ciro Gomes (PSDB) afirmou, durante caminhada pelas ruas do bairro Conjunto Palmeiras, em Fortaleza, que todo munic\u00edpio cearense ter\u00e1 um delegado de pol\u00edcia e que ir\u00e1 ampliar o n\u00famero de delegacias de Defesa da Mulher, caso seja eleito.\u00a0<\/p>\n\n\n\n<figure class=\"wp-block-image size-large\"><img loading=\"lazy\" decoding=\"async\" width=\"1024\" height=\"683\" src=\"https:\/\/blogdorogeriogomes.com.br\/noticias\/wp-content\/uploads\/2026\/08\/ciro_elmano_fortaleza_eleicoes-42198725-1024x683.jpg\" alt=\"\" class=\"wp-image-41886\" srcset=\"https:\/\/blogdorogeriogomes.com.br\/noticias\/wp-content\/uploads\/2026\/08\/ciro_elmano_fortaleza_eleicoes-42198725-1024x683.jpg 1024w, https:\/\/blogdorogeriogomes.com.br\/noticias\/wp-content\/uploads\/2026\/08\/ciro_elmano_fortaleza_eleicoes-42198725-300x200.jpg 300w, https:\/\/blogdorogeriogomes.com.br\/noticias\/wp-content\/uploads\/2026\/08\/ciro_elmano_fortaleza_eleicoes-42198725-768x512.jpg 768w, https:\/\/blogdorogeriogomes.com.br\/noticias\/wp-content\/uploads\/2026\/08\/ciro_elmano_fortaleza_eleicoes-42198725-1536x1024.jpg 1536w, https:\/\/blogdorogeriogomes.com.br\/noticias\/wp-content\/uploads\/2026\/08\/ciro_elmano_fortaleza_eleicoes-42198725-800x533.jpg 800w, https:\/\/blogdorogeriogomes.com.br\/noticias\/wp-content\/uploads\/2026\/08\/ciro_elmano_fortaleza_eleicoes-42198725.jpg 1920w\" sizes=\"auto, (max-width: 1024px) 100vw, 1024px\" \/><\/figure>\n","protected":false},"excerpt":{"rendered":"<p>O governador Elmano de Freitas (PT) e o ex-ministro Ciro Gomes (PSDB) concentram suas atividades de campanha, nesta ter\u00e7a-feira, dia 25 de agosto, em Fortaleza e Regi\u00e3o Metropolitana. Elmano faz caminhada no Planalto Ayrton Senna, em Fortaleza, e participa da inaugura\u00e7\u00e3o dos comit\u00eas de Lu\u00edsa Cela e Yury do Pared\u00e3o, tamb\u00e9m na Capital. J\u00e1 Ciro Gomes tem uma caminhada no bairro Bom Jardim e uma mini-carreata em Caucaia. Nesta segunda-feira, dia 24, o governador e candidato \u00e0 reelei\u00e7\u00e3o Elmano&hellip;<\/p>\n","protected":false},"author":1,"featured_media":41886,"comment_status":"open","ping_status":"open","sticky":false,"template":"","format":"standard","meta":{"footnotes":""},"categories":[1],"tags":[],"class_list":["post-41885","post","type-post","status-publish","format-standard","has-post-thumbnail","hentry","category-noticias"],"_links":{"self":[{"href":"https:\/\/blogdorogeriogomes.com.br\/noticias\/wp-json\/wp\/v2\/posts\/41885","targetHints":{"allow":["GET"]}}],"collection":[{"href":"https:\/\/blogdorogeriogomes.com.br\/noticias\/wp-json\/wp\/v2\/posts"}],"about":[{"href":"https:\/\/blogdorogeriogomes.com.br\/noticias\/wp-json\/wp\/v2\/types\/post"}],"author":[{"embeddable":true,"href":"https:\/\/blogdorogeriogomes.com.br\/noticias\/wp-json\/wp\/v2\/users\/1"}],"replies":[{"embeddable":true,"href":"https:\/\/blogdorogeriogomes.com.br\/noticias\/wp-json\/wp\/v2\/comments?post=41885"}],"version-history":[{"count":1,"href":"https:\/\/blogdorogeriogomes.com.br\/noticias\/wp-json\/wp\/v2\/posts\/41885\/revisions"}],"predecessor-version":[{"id":41887,"href":"https:\/\/blogdorogeriogomes.com.br\/noticias\/wp-json\/wp\/v2\/posts\/41885\/revisions\/41887"}],"wp:featuredmedia":[{"embeddable":true,"href":"https:\/\/blogdorogeriogomes.com.br\/noticias\/wp-json\/wp\/v2\/media\/41886"}],"wp:attachment":[{"href":"https:\/\/blogdorogeriogomes.com.br\/noticias\/wp-json\/wp\/v2\/media?parent=41885"}],"wp:term":[{"taxonomy":"category","embeddable":true,"href":"https:\/\/blogdorogeriogomes.com.br\/noticias\/wp-json\/wp\/v2\/categories?post=41885"},{"taxonomy":"post_tag","embeddable":true,"href":"https:\/\/blogdorogeriogomes.com.br\/noticias\/wp-json\/wp\/v2\/tags?post=41885"}],"curies":[{"name":"wp","href":"https:\/\/api.w.org\/{rel}","templated":true}]}}