{"id":41892,"date":"2026-08-26T11:08:35","date_gmt":"2026-08-26T11:08:35","guid":{"rendered":"https:\/\/blogdorogeriogomes.com.br\/noticias\/?p=41892"},"modified":"2026-08-26T11:08:36","modified_gmt":"2026-08-26T11:08:36","slug":"aneel-aprova-repasse-de-r-484-milhoes-e-conta-de-luz-no-ceara-cai-587-a-partir-desta-quarta-feira","status":"publish","type":"post","link":"https:\/\/blogdorogeriogomes.com.br\/noticias\/2026\/08\/aneel-aprova-repasse-de-r-484-milhoes-e-conta-de-luz-no-ceara-cai-587-a-partir-desta-quarta-feira\/","title":{"rendered":"Aneel aprova repasse de R$ 484 milh\u00f5es e conta de luz no Cear\u00e1 cai 5,87% a partir desta quarta-feira"},"content":{"rendered":"\n<p class=\"wp-block-paragraph\">Os consumidores de energia el\u00e9trica do Cear\u00e1 come\u00e7am a receber um al\u00edvio financeiro em suas faturas. A Ag\u00eancia Nacional de Energia El\u00e9trica (Aneel) aprovou a incorpora\u00e7\u00e3o de R$ 484,6 milh\u00f5es nas tarifas da Enel Distribui\u00e7\u00e3o Cear\u00e1. A decis\u00e3o reverte o impacto do reajuste de 5,78% que havia sido implementado em abril de 2026.<\/p>\n\n\n\n<p class=\"wp-block-paragraph\">O desconto m\u00e9dio no estado ser\u00e1 de 5,87%, mas a redu\u00e7\u00e3o ser\u00e1 percebida de forma diferente dependendo da categoria do cliente. O cliente de Baixa Tens\u00e3o (Resid\u00eancias e pequenos com\u00e9rcios) ter\u00e1 uma redu\u00e7\u00e3o estimada de 6,65 pontos percentuais. Este grupo representa a grande maioria do mercado consumidor local, correspondendo a cerca de 86% dos clientes atendidos pela distribuidora. O de M\u00e9dia e Alta Tens\u00e3o (Ind\u00fastrias e grandes com\u00e9rcios) ter\u00e1 um decr\u00e9scimo estimado de 3,29 pontos percentuais nas tarifas. Eles somam aproximadamente 0,12% da base total de clientes no Cear\u00e1. <\/p>\n\n\n\n<p class=\"wp-block-paragraph\">Com essa mudan\u00e7a regulat\u00f3ria, o efeito m\u00e9dio do processo tarif\u00e1rio de 2026, quando comparado diretamente com as tarifas praticadas em 2025, passa a ser negativo, fechando em -0,43%.<\/p>\n\n\n\n<p class=\"wp-block-paragraph\">A queda no valor da energia foi poss\u00edvel gra\u00e7as \u00e0 destina\u00e7\u00e3o dos recursos da repactua\u00e7\u00e3o do Uso de Bem P\u00fablico (UBP). O mecanismo consiste em valores pagos \u00e0 Uni\u00e3o por usinas hidrel\u00e9tricas pelo direito de explora\u00e7\u00e3o dos potenciais hidr\u00e1ulicos do pa\u00eds. Por for\u00e7a de lei, esses recursos arrecadados com a antecipa\u00e7\u00e3o de contratos s\u00e3o revertidos para garantir a modicidade tarif\u00e1ria de regi\u00f5es que historicamente sofrem com custos mais elevados de eletricidade, abrangendo as \u00e1reas de atua\u00e7\u00e3o da Sudam e da Sudene, o que inclui o Cear\u00e1.<\/p>\n\n\n\n<figure class=\"wp-block-image size-large\"><img loading=\"lazy\" decoding=\"async\" width=\"1024\" height=\"576\" src=\"https:\/\/blogdorogeriogomes.com.br\/noticias\/wp-content\/uploads\/2026\/08\/Tecnico-da-Enel-faz-reparos-na-rede-eletrica-de-alta-tensao-Foto-Divulgacao-1024x576.jpeg\" alt=\"\" class=\"wp-image-41893\" srcset=\"https:\/\/blogdorogeriogomes.com.br\/noticias\/wp-content\/uploads\/2026\/08\/Tecnico-da-Enel-faz-reparos-na-rede-eletrica-de-alta-tensao-Foto-Divulgacao-1024x576.jpeg 1024w, https:\/\/blogdorogeriogomes.com.br\/noticias\/wp-content\/uploads\/2026\/08\/Tecnico-da-Enel-faz-reparos-na-rede-eletrica-de-alta-tensao-Foto-Divulgacao-300x169.jpeg 300w, https:\/\/blogdorogeriogomes.com.br\/noticias\/wp-content\/uploads\/2026\/08\/Tecnico-da-Enel-faz-reparos-na-rede-eletrica-de-alta-tensao-Foto-Divulgacao-768x432.jpeg 768w, https:\/\/blogdorogeriogomes.com.br\/noticias\/wp-content\/uploads\/2026\/08\/Tecnico-da-Enel-faz-reparos-na-rede-eletrica-de-alta-tensao-Foto-Divulgacao-800x450.jpeg 800w, https:\/\/blogdorogeriogomes.com.br\/noticias\/wp-content\/uploads\/2026\/08\/Tecnico-da-Enel-faz-reparos-na-rede-eletrica-de-alta-tensao-Foto-Divulgacao.jpeg 1110w\" sizes=\"auto, (max-width: 1024px) 100vw, 1024px\" \/><\/figure>\n","protected":false},"excerpt":{"rendered":"<p>Os consumidores de energia el\u00e9trica do Cear\u00e1 come\u00e7am a receber um al\u00edvio financeiro em suas faturas. A Ag\u00eancia Nacional de Energia El\u00e9trica (Aneel) aprovou a incorpora\u00e7\u00e3o de R$ 484,6 milh\u00f5es nas tarifas da Enel Distribui\u00e7\u00e3o Cear\u00e1. A decis\u00e3o reverte o impacto do reajuste de 5,78% que havia sido implementado em abril de 2026. O desconto m\u00e9dio no estado ser\u00e1 de 5,87%, mas a redu\u00e7\u00e3o ser\u00e1 percebida de forma diferente dependendo da categoria do cliente. O cliente de Baixa Tens\u00e3o&hellip;<\/p>\n","protected":false},"author":1,"featured_media":41893,"comment_status":"open","ping_status":"open","sticky":false,"template":"","format":"standard","meta":{"footnotes":""},"categories":[1],"tags":[],"class_list":["post-41892","post","type-post","status-publish","format-standard","has-post-thumbnail","hentry","category-noticias"],"_links":{"self":[{"href":"https:\/\/blogdorogeriogomes.com.br\/noticias\/wp-json\/wp\/v2\/posts\/41892","targetHints":{"allow":["GET"]}}],"collection":[{"href":"https:\/\/blogdorogeriogomes.com.br\/noticias\/wp-json\/wp\/v2\/posts"}],"about":[{"href":"https:\/\/blogdorogeriogomes.com.br\/noticias\/wp-json\/wp\/v2\/types\/post"}],"author":[{"embeddable":true,"href":"https:\/\/blogdorogeriogomes.com.br\/noticias\/wp-json\/wp\/v2\/users\/1"}],"replies":[{"embeddable":true,"href":"https:\/\/blogdorogeriogomes.com.br\/noticias\/wp-json\/wp\/v2\/comments?post=41892"}],"version-history":[{"count":1,"href":"https:\/\/blogdorogeriogomes.com.br\/noticias\/wp-json\/wp\/v2\/posts\/41892\/revisions"}],"predecessor-version":[{"id":41894,"href":"https:\/\/blogdorogeriogomes.com.br\/noticias\/wp-json\/wp\/v2\/posts\/41892\/revisions\/41894"}],"wp:featuredmedia":[{"embeddable":true,"href":"https:\/\/blogdorogeriogomes.com.br\/noticias\/wp-json\/wp\/v2\/media\/41893"}],"wp:attachment":[{"href":"https:\/\/blogdorogeriogomes.com.br\/noticias\/wp-json\/wp\/v2\/media?parent=41892"}],"wp:term":[{"taxonomy":"category","embeddable":true,"href":"https:\/\/blogdorogeriogomes.com.br\/noticias\/wp-json\/wp\/v2\/categories?post=41892"},{"taxonomy":"post_tag","embeddable":true,"href":"https:\/\/blogdorogeriogomes.com.br\/noticias\/wp-json\/wp\/v2\/tags?post=41892"}],"curies":[{"name":"wp","href":"https:\/\/api.w.org\/{rel}","templated":true}]}}