{"id":41895,"date":"2026-08-26T11:30:08","date_gmt":"2026-08-26T11:30:08","guid":{"rendered":"https:\/\/blogdorogeriogomes.com.br\/noticias\/?p=41895"},"modified":"2026-08-26T11:30:08","modified_gmt":"2026-08-26T11:30:08","slug":"omar-aziz-apresenta-parecer-sobre-fim-da-escala-6x1-nesta-quinta-feira-e-blinda-texto-contra-alteracoes-propostas-por-aliados-de-flavio-bolsonaro-para-atrasar-votacao","status":"publish","type":"post","link":"https:\/\/blogdorogeriogomes.com.br\/noticias\/2026\/08\/omar-aziz-apresenta-parecer-sobre-fim-da-escala-6x1-nesta-quinta-feira-e-blinda-texto-contra-alteracoes-propostas-por-aliados-de-flavio-bolsonaro-para-atrasar-votacao\/","title":{"rendered":"Omar Aziz apresenta parecer sobre fim da escala 6&#215;1 nesta quinta-feira e blinda texto contra altera\u00e7\u00f5es propostas por aliados de Fl\u00e1vio Bolsonaro para atrasar vota\u00e7\u00e3o"},"content":{"rendered":"\n<p class=\"wp-block-paragraph\">O senador Omar Aziz, relator da proposta que prev\u00ea o fim da jornada de trabalho na escala 6&#215;1 no Senado Federal, confirmou que apresentar\u00e1 seu parecer oficial nesta quinta-feira, dia 27 de agosto. Em uma postura de forte enfrentamento pol\u00edtico, o parlamentar declarou categoricamente que n\u00e3o aceitar\u00e1 nenhuma mudan\u00e7a ou emenda que altere o teor original do texto encaminhado \u00e0 comiss\u00e3o. A movimenta\u00e7\u00e3o acelerou os bastidores do Congresso Nacional e explicitou a forte polariza\u00e7\u00e3o em torno do tema, dividindo governistas e a oposi\u00e7\u00e3o conservadora.<\/p>\n\n\n\n<p class=\"wp-block-paragraph\">A tramita\u00e7\u00e3o da mat\u00e9ria transformou-se em uma corrida contra o tempo devido aos interesses divergentes das principais for\u00e7as pol\u00edticas. A gest\u00e3o do presidente Luiz In\u00e1cio Lula da Silva trabalha ativamente para garantir a aprova\u00e7\u00e3o do projeto antes do in\u00edcio do per\u00edodo eleitoral. O Pal\u00e1cio do Planalto enxerga a pauta como um forte ativo pol\u00edtico e popular.<\/p>\n\n\n\n<p class=\"wp-block-paragraph\">Em contrapartida, parlamentares aliados ao senador Fl\u00e1vio Bolsonaro iniciaram uma articula\u00e7\u00e3o para esvaziar as sess\u00f5es e adiar a vota\u00e7\u00e3o. A ala oposicionista tenta utilizar manobras regimentais para atrasar o andamento da proposta por tempo indeterminado.<\/p>\n\n\n\n<p class=\"wp-block-paragraph\">Com a leitura do relat\u00f3rio por Omar Aziz, o colegiado deve abrir prazos regimentais imediatos. A expectativa \u00e9 que o governo tente fechar um acordo de lideran\u00e7as para votar a mat\u00e9ria em regime de urg\u00eancia, neutralizando as tentativas de obstru\u00e7\u00e3o da bancada de oposi\u00e7\u00e3o.<\/p>\n\n\n\n<figure class=\"wp-block-image size-full\"><img loading=\"lazy\" decoding=\"async\" width=\"640\" height=\"426\" src=\"https:\/\/blogdorogeriogomes.com.br\/noticias\/wp-content\/uploads\/2026\/08\/ST6JQBMO5RCHJGFRLNAHXJJV3Y.jpg\" alt=\"\" class=\"wp-image-41896\" srcset=\"https:\/\/blogdorogeriogomes.com.br\/noticias\/wp-content\/uploads\/2026\/08\/ST6JQBMO5RCHJGFRLNAHXJJV3Y.jpg 640w, https:\/\/blogdorogeriogomes.com.br\/noticias\/wp-content\/uploads\/2026\/08\/ST6JQBMO5RCHJGFRLNAHXJJV3Y-300x200.jpg 300w\" sizes=\"auto, (max-width: 640px) 100vw, 640px\" \/><\/figure>\n","protected":false},"excerpt":{"rendered":"<p>O senador Omar Aziz, relator da proposta que prev\u00ea o fim da jornada de trabalho na escala 6&#215;1 no Senado Federal, confirmou que apresentar\u00e1 seu parecer oficial nesta quinta-feira, dia 27 de agosto. Em uma postura de forte enfrentamento pol\u00edtico, o parlamentar declarou categoricamente que n\u00e3o aceitar\u00e1 nenhuma mudan\u00e7a ou emenda que altere o teor original do texto encaminhado \u00e0 comiss\u00e3o. A movimenta\u00e7\u00e3o acelerou os bastidores do Congresso Nacional e explicitou a forte polariza\u00e7\u00e3o em torno do tema, dividindo&hellip;<\/p>\n","protected":false},"author":1,"featured_media":41896,"comment_status":"open","ping_status":"open","sticky":false,"template":"","format":"standard","meta":{"footnotes":""},"categories":[1],"tags":[],"class_list":["post-41895","post","type-post","status-publish","format-standard","has-post-thumbnail","hentry","category-noticias"],"_links":{"self":[{"href":"https:\/\/blogdorogeriogomes.com.br\/noticias\/wp-json\/wp\/v2\/posts\/41895","targetHints":{"allow":["GET"]}}],"collection":[{"href":"https:\/\/blogdorogeriogomes.com.br\/noticias\/wp-json\/wp\/v2\/posts"}],"about":[{"href":"https:\/\/blogdorogeriogomes.com.br\/noticias\/wp-json\/wp\/v2\/types\/post"}],"author":[{"embeddable":true,"href":"https:\/\/blogdorogeriogomes.com.br\/noticias\/wp-json\/wp\/v2\/users\/1"}],"replies":[{"embeddable":true,"href":"https:\/\/blogdorogeriogomes.com.br\/noticias\/wp-json\/wp\/v2\/comments?post=41895"}],"version-history":[{"count":1,"href":"https:\/\/blogdorogeriogomes.com.br\/noticias\/wp-json\/wp\/v2\/posts\/41895\/revisions"}],"predecessor-version":[{"id":41897,"href":"https:\/\/blogdorogeriogomes.com.br\/noticias\/wp-json\/wp\/v2\/posts\/41895\/revisions\/41897"}],"wp:featuredmedia":[{"embeddable":true,"href":"https:\/\/blogdorogeriogomes.com.br\/noticias\/wp-json\/wp\/v2\/media\/41896"}],"wp:attachment":[{"href":"https:\/\/blogdorogeriogomes.com.br\/noticias\/wp-json\/wp\/v2\/media?parent=41895"}],"wp:term":[{"taxonomy":"category","embeddable":true,"href":"https:\/\/blogdorogeriogomes.com.br\/noticias\/wp-json\/wp\/v2\/categories?post=41895"},{"taxonomy":"post_tag","embeddable":true,"href":"https:\/\/blogdorogeriogomes.com.br\/noticias\/wp-json\/wp\/v2\/tags?post=41895"}],"curies":[{"name":"wp","href":"https:\/\/api.w.org\/{rel}","templated":true}]}}