{"id":41898,"date":"2026-08-26T13:19:41","date_gmt":"2026-08-26T13:19:41","guid":{"rendered":"https:\/\/blogdorogeriogomes.com.br\/noticias\/?p=41898"},"modified":"2026-08-26T13:19:41","modified_gmt":"2026-08-26T13:19:41","slug":"membro-do-comando-vermelho-que-ameacava-candidatos-no-ceara-e-preso-em-sao-paulo","status":"publish","type":"post","link":"https:\/\/blogdorogeriogomes.com.br\/noticias\/2026\/08\/membro-do-comando-vermelho-que-ameacava-candidatos-no-ceara-e-preso-em-sao-paulo\/","title":{"rendered":"Membro do Comando Vermelho que amea\u00e7ava candidatos no Cear\u00e1 \u00e9 preso em S\u00e3o Paulo"},"content":{"rendered":"\n<p class=\"wp-block-paragraph\">Uma opera\u00e7\u00e3o conjunta entre as for\u00e7as de seguran\u00e7a resultou na pris\u00e3o em flagrante, na manh\u00e3 desta quarta-feira, dia 26 de agosto, de um jovem de 21 anos apontado como integrante da fac\u00e7\u00e3o criminosa Comando Vermelho (CV). O suspeito foi localizado e capturado no estado de S\u00e3o Paulo. Ele \u00e9 investigado por extorquir e amea\u00e7ar agentes pol\u00edticos no munic\u00edpio de Forquilha, localizado no interior do estado do Cear\u00e1.<\/p>\n\n\n\n<p class=\"wp-block-paragraph\">De acordo com as investiga\u00e7\u00f5es conduzidas pela Pol\u00edcia Civil do Estado do Cear\u00e1 (PCCE), o indiv\u00edduo utilizava perfis falsos em plataformas de redes sociais para intimidar os candidatos. O objetivo do grupo criminoso era exigir o pagamento de taxas em dinheiro para permitir a realiza\u00e7\u00e3o de atos e campanhas eleitorais na regi\u00e3o.<\/p>\n\n\n\n<p class=\"wp-block-paragraph\">A captura foi coordenada pelo Departamento de Repress\u00e3o ao Crime Organizado (DRCO) do Cear\u00e1, com suporte do Departamento de Intelig\u00eancia (DIP) e a colabora\u00e7\u00e3o da Pol\u00edcia Civil de S\u00e3o Paulo. Os agentes conseguiram rastrear a localiza\u00e7\u00e3o do suspeito na capital paulista a partir do monitoramento das contas digitais usadas nos crimes.Com esta a\u00e7\u00e3o, o sistema de seguran\u00e7a soma a terceira pris\u00e3o de membros da mesma organiza\u00e7\u00e3o criminosa envolvidos no esquema em menos de uma semana.<\/p>\n\n\n\n<p class=\"wp-block-paragraph\">As investiga\u00e7\u00f5es apontam que a fac\u00e7\u00e3o criminosa tentava impor um monop\u00f3lio territorial sobre as atividades pol\u00edticas no interior cearense. O grupo exigia a quantia de R$ 200 mil de pessoas ligadas \u00e0 gest\u00e3o municipal para liberar o tr\u00e2nsito e com\u00edcios dos candidatos na cidade.<\/p>\n\n\n\n<p class=\"wp-block-paragraph\">Na quinta-feira passada, dia 20, outros dois homens, de 19 e 28 anos, foram detidos em Forquilha. O mais velho \u00e9 apontado pelas autoridades como o chefe local do grupo. Informa\u00e7\u00f5es policiais indicam que os suspeitos capturados seguiam ordens diretas de uma mulher, identificada como uma das l\u00edderes da fac\u00e7\u00e3o, que est\u00e1 foragida no estado do Rio de Janeiro.<\/p>\n\n\n\n<p class=\"wp-block-paragraph\">O suspeito de 21 anos detido em S\u00e3o Paulo foi autuado por integrar organiza\u00e7\u00e3o criminosa e extors\u00e3o majorada. Ele permanece \u00e0 disposi\u00e7\u00e3o do Poder Judici\u00e1rio enquanto as investiga\u00e7\u00f5es prosseguem para identificar outros envolvidos e garantir a seguran\u00e7a do pleito eleitoral na regi\u00e3o norte do Cear\u00e1.<\/p>\n\n\n\n<figure class=\"wp-block-image size-full\"><img loading=\"lazy\" decoding=\"async\" width=\"984\" height=\"554\" src=\"https:\/\/blogdorogeriogomes.com.br\/noticias\/wp-content\/uploads\/2026\/08\/sp-preso-2.jpg\" alt=\"\" class=\"wp-image-41899\" srcset=\"https:\/\/blogdorogeriogomes.com.br\/noticias\/wp-content\/uploads\/2026\/08\/sp-preso-2.jpg 984w, https:\/\/blogdorogeriogomes.com.br\/noticias\/wp-content\/uploads\/2026\/08\/sp-preso-2-300x169.jpg 300w, https:\/\/blogdorogeriogomes.com.br\/noticias\/wp-content\/uploads\/2026\/08\/sp-preso-2-768x432.jpg 768w, https:\/\/blogdorogeriogomes.com.br\/noticias\/wp-content\/uploads\/2026\/08\/sp-preso-2-800x450.jpg 800w\" sizes=\"auto, (max-width: 984px) 100vw, 984px\" \/><\/figure>\n","protected":false},"excerpt":{"rendered":"<p>Uma opera\u00e7\u00e3o conjunta entre as for\u00e7as de seguran\u00e7a resultou na pris\u00e3o em flagrante, na manh\u00e3 desta quarta-feira, dia 26 de agosto, de um jovem de 21 anos apontado como integrante da fac\u00e7\u00e3o criminosa Comando Vermelho (CV). O suspeito foi localizado e capturado no estado de S\u00e3o Paulo. Ele \u00e9 investigado por extorquir e amea\u00e7ar agentes pol\u00edticos no munic\u00edpio de Forquilha, localizado no interior do estado do Cear\u00e1. De acordo com as investiga\u00e7\u00f5es conduzidas pela Pol\u00edcia Civil do Estado do&hellip;<\/p>\n","protected":false},"author":1,"featured_media":41899,"comment_status":"open","ping_status":"open","sticky":false,"template":"","format":"standard","meta":{"footnotes":""},"categories":[1],"tags":[],"class_list":["post-41898","post","type-post","status-publish","format-standard","has-post-thumbnail","hentry","category-noticias"],"_links":{"self":[{"href":"https:\/\/blogdorogeriogomes.com.br\/noticias\/wp-json\/wp\/v2\/posts\/41898","targetHints":{"allow":["GET"]}}],"collection":[{"href":"https:\/\/blogdorogeriogomes.com.br\/noticias\/wp-json\/wp\/v2\/posts"}],"about":[{"href":"https:\/\/blogdorogeriogomes.com.br\/noticias\/wp-json\/wp\/v2\/types\/post"}],"author":[{"embeddable":true,"href":"https:\/\/blogdorogeriogomes.com.br\/noticias\/wp-json\/wp\/v2\/users\/1"}],"replies":[{"embeddable":true,"href":"https:\/\/blogdorogeriogomes.com.br\/noticias\/wp-json\/wp\/v2\/comments?post=41898"}],"version-history":[{"count":1,"href":"https:\/\/blogdorogeriogomes.com.br\/noticias\/wp-json\/wp\/v2\/posts\/41898\/revisions"}],"predecessor-version":[{"id":41900,"href":"https:\/\/blogdorogeriogomes.com.br\/noticias\/wp-json\/wp\/v2\/posts\/41898\/revisions\/41900"}],"wp:featuredmedia":[{"embeddable":true,"href":"https:\/\/blogdorogeriogomes.com.br\/noticias\/wp-json\/wp\/v2\/media\/41899"}],"wp:attachment":[{"href":"https:\/\/blogdorogeriogomes.com.br\/noticias\/wp-json\/wp\/v2\/media?parent=41898"}],"wp:term":[{"taxonomy":"category","embeddable":true,"href":"https:\/\/blogdorogeriogomes.com.br\/noticias\/wp-json\/wp\/v2\/categories?post=41898"},{"taxonomy":"post_tag","embeddable":true,"href":"https:\/\/blogdorogeriogomes.com.br\/noticias\/wp-json\/wp\/v2\/tags?post=41898"}],"curies":[{"name":"wp","href":"https:\/\/api.w.org\/{rel}","templated":true}]}}