{"id":41901,"date":"2026-08-26T20:49:10","date_gmt":"2026-08-26T20:49:10","guid":{"rendered":"https:\/\/blogdorogeriogomes.com.br\/noticias\/?p=41901"},"modified":"2026-08-26T20:49:10","modified_gmt":"2026-08-26T20:49:10","slug":"articulacao-politica-entre-lula-alcolumbre-e-motta-garante-esforco-concentrado-no-congresso-para-votacao-de-fim-da-taxa-das-blusinhas-da-escala-de-trabalho-6x1-e-pec-da-seguranca","status":"publish","type":"post","link":"https:\/\/blogdorogeriogomes.com.br\/noticias\/2026\/08\/articulacao-politica-entre-lula-alcolumbre-e-motta-garante-esforco-concentrado-no-congresso-para-votacao-de-fim-da-taxa-das-blusinhas-da-escala-de-trabalho-6x1-e-pec-da-seguranca\/","title":{"rendered":"Articula\u00e7\u00e3o pol\u00edtica entre Lula, Alcolumbre e Motta garante esfor\u00e7o concentrado no Congresso para vota\u00e7\u00e3o de fim da taxa das blusinhas, da escala de trabalho 6&#215;1 e PEC da Seguran\u00e7a"},"content":{"rendered":"\n<p class=\"wp-block-paragraph\">O presidente Luiz In\u00e1cio Lula da Silva se  reuniu durante almo\u00e7o, no Pal\u00e1cio da Alvorada, com o presidente da C\u00e2mara dos Deputados, Hugo Motta, e o presidente do Senado Federal, Davi Alcolumbre, nesta quarta-feira, dia 26 de agosto, para alinhar a pauta de vota\u00e7\u00f5es do Poder Legislativo. O entendimento \u00e9 destravar o fim da taxa das blusinhas, da escala de trabalho 6&#215;1 e da vota\u00e7\u00e3o da PEC da Seguran\u00e7a.<\/p>\n\n\n\n<p class=\"wp-block-paragraph\">Pelo que ficou acordado no encontro, o Congresso Nacional dever\u00e1 votar na pr\u00f3xima semana a medida provis\u00f3ria que acabou com a chamada \u201ctaxa das blusinhas\u201d. Davi Alcolumbre  tamb\u00e9m confirmou a an\u00e1lise na Comiss\u00e3o de Constitui\u00e7\u00e3o e Justi\u00e7a (CCJ) das propostas sobre o fim da escala 6\u00d71 e a Seguran\u00e7a P\u00fablica.<\/p>\n\n\n\n<p class=\"wp-block-paragraph\">A Medida Provis\u00f3ria que extingue a cobran\u00e7a conhecida como \u201ctaxa das blusinhas\u201d ser\u00e1 analisada tanto pela C\u00e2mara quanto pelo Senado na pr\u00f3xima semana. A vota\u00e7\u00e3o ocorrer\u00e1 durante o chamado \u201cesfor\u00e7o concentrado\u201d do Congresso, a \u00faltima semana de delibera\u00e7\u00f5es antes do primeiro turno das elei\u00e7\u00f5es.<\/p>\n\n\n\n<p class=\"wp-block-paragraph\">O almo\u00e7o entre Lula e os presidentes do Senado, Davi Alcolumbre, e da C\u00e2mara Federal, Hugo Motta, \u00e9 uma demonstra\u00e7\u00e3o de uni\u00e3o pol\u00edtica para destravar pautas estrat\u00e9gicas para o Pa\u00eds \u00e0s v\u00e9speras das elei\u00e7\u00f5es e que podem ser tornar marcas do Governo Federal ainda na campanha pela reelei\u00e7\u00e3o de Lula.<\/p>\n\n\n\n<figure class=\"wp-block-image size-full\"><img loading=\"lazy\" decoding=\"async\" width=\"750\" height=\"421\" src=\"https:\/\/blogdorogeriogomes.com.br\/noticias\/wp-content\/uploads\/2026\/08\/26ago2026-o-presidente-lula-com-o-presidente-do-senado-davi-alcolumbre-e-o-presidente-da-camara-dos-deputados-hugo-motta-no-palacio-da-alvorada-1787773624422_v2_750x421.jpg\" alt=\"\" class=\"wp-image-41907\" srcset=\"https:\/\/blogdorogeriogomes.com.br\/noticias\/wp-content\/uploads\/2026\/08\/26ago2026-o-presidente-lula-com-o-presidente-do-senado-davi-alcolumbre-e-o-presidente-da-camara-dos-deputados-hugo-motta-no-palacio-da-alvorada-1787773624422_v2_750x421.jpg 750w, https:\/\/blogdorogeriogomes.com.br\/noticias\/wp-content\/uploads\/2026\/08\/26ago2026-o-presidente-lula-com-o-presidente-do-senado-davi-alcolumbre-e-o-presidente-da-camara-dos-deputados-hugo-motta-no-palacio-da-alvorada-1787773624422_v2_750x421-300x168.jpg 300w\" sizes=\"auto, (max-width: 750px) 100vw, 750px\" \/><\/figure>\n\n\n\n<p class=\"wp-block-paragraph\"><\/p>\n\n\n\n<p class=\"wp-block-paragraph\"><\/p>\n\n\n\n<p class=\"wp-block-paragraph\"><a target=\"_blank\" href=\"https:\/\/www.congressoemfoco.com.br\/noticia\/121663\/lula-motta-e-alcolumbre-discutem-6x1-pec-da-seguranca-e-terras-raras\" rel=\"noreferrer noopener\"><\/a><\/p>\n","protected":false},"excerpt":{"rendered":"<p>O presidente Luiz In\u00e1cio Lula da Silva se reuniu durante almo\u00e7o, no Pal\u00e1cio da Alvorada, com o presidente da C\u00e2mara dos Deputados, Hugo Motta, e o presidente do Senado Federal, Davi Alcolumbre, nesta quarta-feira, dia 26 de agosto, para alinhar a pauta de vota\u00e7\u00f5es do Poder Legislativo. O entendimento \u00e9 destravar o fim da taxa das blusinhas, da escala de trabalho 6&#215;1 e da vota\u00e7\u00e3o da PEC da Seguran\u00e7a. Pelo que ficou acordado no encontro, o Congresso Nacional dever\u00e1&hellip;<\/p>\n","protected":false},"author":1,"featured_media":41907,"comment_status":"open","ping_status":"open","sticky":false,"template":"","format":"standard","meta":{"footnotes":""},"categories":[1],"tags":[],"class_list":["post-41901","post","type-post","status-publish","format-standard","has-post-thumbnail","hentry","category-noticias"],"_links":{"self":[{"href":"https:\/\/blogdorogeriogomes.com.br\/noticias\/wp-json\/wp\/v2\/posts\/41901","targetHints":{"allow":["GET"]}}],"collection":[{"href":"https:\/\/blogdorogeriogomes.com.br\/noticias\/wp-json\/wp\/v2\/posts"}],"about":[{"href":"https:\/\/blogdorogeriogomes.com.br\/noticias\/wp-json\/wp\/v2\/types\/post"}],"author":[{"embeddable":true,"href":"https:\/\/blogdorogeriogomes.com.br\/noticias\/wp-json\/wp\/v2\/users\/1"}],"replies":[{"embeddable":true,"href":"https:\/\/blogdorogeriogomes.com.br\/noticias\/wp-json\/wp\/v2\/comments?post=41901"}],"version-history":[{"count":1,"href":"https:\/\/blogdorogeriogomes.com.br\/noticias\/wp-json\/wp\/v2\/posts\/41901\/revisions"}],"predecessor-version":[{"id":41908,"href":"https:\/\/blogdorogeriogomes.com.br\/noticias\/wp-json\/wp\/v2\/posts\/41901\/revisions\/41908"}],"wp:featuredmedia":[{"embeddable":true,"href":"https:\/\/blogdorogeriogomes.com.br\/noticias\/wp-json\/wp\/v2\/media\/41907"}],"wp:attachment":[{"href":"https:\/\/blogdorogeriogomes.com.br\/noticias\/wp-json\/wp\/v2\/media?parent=41901"}],"wp:term":[{"taxonomy":"category","embeddable":true,"href":"https:\/\/blogdorogeriogomes.com.br\/noticias\/wp-json\/wp\/v2\/categories?post=41901"},{"taxonomy":"post_tag","embeddable":true,"href":"https:\/\/blogdorogeriogomes.com.br\/noticias\/wp-json\/wp\/v2\/tags?post=41901"}],"curies":[{"name":"wp","href":"https:\/\/api.w.org\/{rel}","templated":true}]}}