{"id":41912,"date":"2026-08-27T10:15:07","date_gmt":"2026-08-27T10:15:07","guid":{"rendered":"https:\/\/blogdorogeriogomes.com.br\/noticias\/?p=41912"},"modified":"2026-08-27T10:15:07","modified_gmt":"2026-08-27T10:15:07","slug":"ceara-digital-governo-federal-aprova-megaprojeto-de-data-center-de-r-1817-bilhoes-na-zpe-do-complexo-do-pecem","status":"publish","type":"post","link":"https:\/\/blogdorogeriogomes.com.br\/noticias\/2026\/08\/ceara-digital-governo-federal-aprova-megaprojeto-de-data-center-de-r-1817-bilhoes-na-zpe-do-complexo-do-pecem\/","title":{"rendered":"Cear\u00e1 Digital: Governo Federal aprova megaprojeto de Data Center de R$ 181,7 bilh\u00f5es na ZPE do Complexo do Pec\u00e9m"},"content":{"rendered":"\n<p class=\"wp-block-paragraph\">O Cear\u00e1 deu mais um passo hist\u00f3rico para se consolidar como o cora\u00e7\u00e3o da economia digital da Am\u00e9rica Latina. O Conselho Nacional das Zonas de Processamento de Exporta\u00e7\u00e3o (CZPE), vinculado ao Governo Federal, deu o aval oficial para a constru\u00e7\u00e3o de um novo e colossal complexo de data center na ZPE do Pec\u00e9m, localizada na Regi\u00e3o Metropolitana de Fortaleza. <\/p>\n\n\n\n<p class=\"wp-block-paragraph\">O investimento total estimado para o projeto \u00e9 de impressionantes R$ 181,7 bilh\u00f5es. O projeto \u00e9 de autoria da Voltalia Energia do Brasil e foi o grande destaque do pacote de investimentos industriais aprovados pelo \u00f3rg\u00e3o regulador nacional. A iniciativa visa unir o processamento de dados de alta tecnologia \u00e0 expans\u00e3o de usinas e\u00f3licas e solares pr\u00f3prias, garantindo eletricidade limpa para sustentar o enorme consumo el\u00e9trico exigido pela estrutura de TI.<\/p>\n\n\n\n<p class=\"wp-block-paragraph\">O impacto socioecon\u00f4mico do novo data center come\u00e7ar\u00e1 a ser sentido imediatamente na regi\u00e3o de Caucaia e S\u00e3o Gon\u00e7alo do Amarante. Espera-se a cria\u00e7\u00e3o de cerca de 2.700 novos postos de trabalho diretos, divididos em duas fases cruciais: a fase de constru\u00e7\u00e3o, onde devem ser gerados 2.300 empregos diretos para obras civis e montagem de infraestrutura e a fase operacional, com 400 empregos de alta qualifica\u00e7\u00e3o t\u00e9cnica para gerenciar o centro de dados.<\/p>\n\n\n\n<p class=\"wp-block-paragraph\">Para viabilizar este centro de dados, a Voltalia j\u00e1 havia firmado um contrato estrat\u00e9gico junto ao Operador Nacional do Sistema El\u00e9trico (ONS) para assegurar uma capacidade de conex\u00e3o de 322 megawatts (MW) no Complexo do Pec\u00e9m. Adicionalmente, o projeto traz inova\u00e7\u00f5es em sustentabilidade, planejando a ado\u00e7\u00e3o de \u00e1gua de reuso para realizar o resfriamento dos milhares de servidores e equipamentos t\u00e9rmicos. A opera\u00e7\u00e3o integrada faz parte de um plano macro que deve elevar as exporta\u00e7\u00f5es brasileiras de servi\u00e7os digitais e sustent\u00e1veis.<\/p>\n\n\n\n<p class=\"wp-block-paragraph\">A escolha do estado do Cear\u00e1 e, especificamente, do per\u00edmetro da ZPE Cear\u00e1 deve-se a uma combina\u00e7\u00e3o de fatores geogr\u00e1ficos e tribut\u00e1rios imbat\u00edveis no cen\u00e1rio global: o Hub de Fibra \u00d3ptica, pois Fortaleza \u00e9 o principal ponto de chegada de cabos submarinos de fibra \u00f3ptica internacionais das Am\u00e9ricas, permitindo tr\u00e1fego de internet ultrarr\u00e1pido; a Isen\u00e7\u00e3o de Impostos, pelo fato de estar operando sob o regime de Zona de Processamento de Exporta\u00e7\u00e3o, o projeto desfruta de suspens\u00e3o e isen\u00e7\u00e3o tribut\u00e1ria para importar servidores, mem\u00f3rias e placas de processamento gr\u00e1fico (GPUs); e a Abund\u00e2ncia de Energia Renov\u00e1vel, porque a forte voca\u00e7\u00e3o cearense na gera\u00e7\u00e3o de energias solar e e\u00f3lica fornece o lastro de &#8220;energia verde&#8221; essencial para a descarboniza\u00e7\u00e3o das gigantes de tecnologia.<\/p>\n\n\n\n<figure class=\"wp-block-image size-full\"><img loading=\"lazy\" decoding=\"async\" width=\"1001\" height=\"694\" src=\"https:\/\/blogdorogeriogomes.com.br\/noticias\/wp-content\/uploads\/2026\/08\/data-center-pecem-1.jpg\" alt=\"\" class=\"wp-image-41914\" srcset=\"https:\/\/blogdorogeriogomes.com.br\/noticias\/wp-content\/uploads\/2026\/08\/data-center-pecem-1.jpg 1001w, https:\/\/blogdorogeriogomes.com.br\/noticias\/wp-content\/uploads\/2026\/08\/data-center-pecem-1-300x208.jpg 300w, https:\/\/blogdorogeriogomes.com.br\/noticias\/wp-content\/uploads\/2026\/08\/data-center-pecem-1-768x532.jpg 768w, https:\/\/blogdorogeriogomes.com.br\/noticias\/wp-content\/uploads\/2026\/08\/data-center-pecem-1-800x555.jpg 800w\" sizes=\"auto, (max-width: 1001px) 100vw, 1001px\" \/><\/figure>\n\n\n\n<p class=\"wp-block-paragraph\"><\/p>\n","protected":false},"excerpt":{"rendered":"<p>O Cear\u00e1 deu mais um passo hist\u00f3rico para se consolidar como o cora\u00e7\u00e3o da economia digital da Am\u00e9rica Latina. O Conselho Nacional das Zonas de Processamento de Exporta\u00e7\u00e3o (CZPE), vinculado ao Governo Federal, deu o aval oficial para a constru\u00e7\u00e3o de um novo e colossal complexo de data center na ZPE do Pec\u00e9m, localizada na Regi\u00e3o Metropolitana de Fortaleza. O investimento total estimado para o projeto \u00e9 de impressionantes R$ 181,7 bilh\u00f5es. O projeto \u00e9 de autoria da Voltalia&hellip;<\/p>\n","protected":false},"author":1,"featured_media":41914,"comment_status":"open","ping_status":"open","sticky":false,"template":"","format":"standard","meta":{"footnotes":""},"categories":[1],"tags":[],"class_list":["post-41912","post","type-post","status-publish","format-standard","has-post-thumbnail","hentry","category-noticias"],"_links":{"self":[{"href":"https:\/\/blogdorogeriogomes.com.br\/noticias\/wp-json\/wp\/v2\/posts\/41912","targetHints":{"allow":["GET"]}}],"collection":[{"href":"https:\/\/blogdorogeriogomes.com.br\/noticias\/wp-json\/wp\/v2\/posts"}],"about":[{"href":"https:\/\/blogdorogeriogomes.com.br\/noticias\/wp-json\/wp\/v2\/types\/post"}],"author":[{"embeddable":true,"href":"https:\/\/blogdorogeriogomes.com.br\/noticias\/wp-json\/wp\/v2\/users\/1"}],"replies":[{"embeddable":true,"href":"https:\/\/blogdorogeriogomes.com.br\/noticias\/wp-json\/wp\/v2\/comments?post=41912"}],"version-history":[{"count":2,"href":"https:\/\/blogdorogeriogomes.com.br\/noticias\/wp-json\/wp\/v2\/posts\/41912\/revisions"}],"predecessor-version":[{"id":41915,"href":"https:\/\/blogdorogeriogomes.com.br\/noticias\/wp-json\/wp\/v2\/posts\/41912\/revisions\/41915"}],"wp:featuredmedia":[{"embeddable":true,"href":"https:\/\/blogdorogeriogomes.com.br\/noticias\/wp-json\/wp\/v2\/media\/41914"}],"wp:attachment":[{"href":"https:\/\/blogdorogeriogomes.com.br\/noticias\/wp-json\/wp\/v2\/media?parent=41912"}],"wp:term":[{"taxonomy":"category","embeddable":true,"href":"https:\/\/blogdorogeriogomes.com.br\/noticias\/wp-json\/wp\/v2\/categories?post=41912"},{"taxonomy":"post_tag","embeddable":true,"href":"https:\/\/blogdorogeriogomes.com.br\/noticias\/wp-json\/wp\/v2\/tags?post=41912"}],"curies":[{"name":"wp","href":"https:\/\/api.w.org\/{rel}","templated":true}]}}