{"id":41916,"date":"2026-08-27T10:32:52","date_gmt":"2026-08-27T10:32:52","guid":{"rendered":"https:\/\/blogdorogeriogomes.com.br\/noticias\/?p=41916"},"modified":"2026-08-27T10:36:48","modified_gmt":"2026-08-27T10:36:48","slug":"evandro-leitao-entrega-maus-uma-posto-de-saude-requalificado-e-comemora-marca-historica-de-40-das-escolas-climatizadas-em-fortaleza","status":"publish","type":"post","link":"https:\/\/blogdorogeriogomes.com.br\/noticias\/2026\/08\/evandro-leitao-entrega-maus-uma-posto-de-saude-requalificado-e-comemora-marca-historica-de-40-das-escolas-climatizadas-em-fortaleza\/","title":{"rendered":"Evandro Leit\u00e3o entrega mais um posto de sa\u00fade requalificado e comemora marca hist\u00f3rica de 40% das escolas climatizadas em Fortaleza"},"content":{"rendered":"\n<p class=\"wp-block-paragraph\">A Prefeitura de Fortaleza entregou, nesta quarta-feira, dia 26 de agosto, o novo Posto de Sa\u00fade 4 Varas, na Barra do Cear\u00e1. A unidade estava fechada desde 2024, quando as obras foram paralisadas pela gest\u00e3o anterior. Retomada em 2025, a interven\u00e7\u00e3o contemplou a reforma completa do equipamento. O prefeito Evandro Leit\u00e3o destacou a import\u00e2ncia da retomada da obra e do retorno das atividades no equipamento.<\/p>\n\n\n\n<p class=\"wp-block-paragraph\">\u201cEssa \u00e9 mais uma obra que estava paralisada pela gest\u00e3o anterior. Enquanto isso, est\u00e1vamos atendendo em um cont\u00eainer no Vila do Mar. Retomamos a obra e, agora, estamos entregando essa unidade, que atende cerca de nove mil pessoas da regi\u00e3o do Pirambu e da Barra do Cear\u00e1\u201d, disse o prefeito de Fortaleza. <\/p>\n\n\n\n<p class=\"wp-block-paragraph\">Evandro Leit\u00e3o visita, nesta quinta-feira, dia 27, o Centro de Educa\u00e7\u00e3o Infantil Professora Maria Luiza Mota Machado, no bairro Siqueira. Com investimento de R$ 70 mil em adequa\u00e7\u00f5es e maquin\u00e1rio, a climatiza\u00e7\u00e3o da unidade faz parte do conjunto de 199 escolas que j\u00e1 receberam ar-condicionado, o que corresponde a 40% da Rede Municipal. O resultado representa um avan\u00e7o significativo em rela\u00e7\u00e3o ao cen\u00e1rio encontrado no in\u00edcio da atual gest\u00e3o, quando apenas 72 unidades, ou 14,3% da rede apta, estavam climatizadas.<\/p>\n\n\n\n<figure class=\"wp-block-image size-large\"><img loading=\"lazy\" decoding=\"async\" width=\"1024\" height=\"576\" src=\"https:\/\/blogdorogeriogomes.com.br\/noticias\/wp-content\/uploads\/2026\/08\/26-08-2026-SMS-002-1024x576.jpeg\" alt=\"\" class=\"wp-image-41917\" srcset=\"https:\/\/blogdorogeriogomes.com.br\/noticias\/wp-content\/uploads\/2026\/08\/26-08-2026-SMS-002-1024x576.jpeg 1024w, https:\/\/blogdorogeriogomes.com.br\/noticias\/wp-content\/uploads\/2026\/08\/26-08-2026-SMS-002-300x169.jpeg 300w, https:\/\/blogdorogeriogomes.com.br\/noticias\/wp-content\/uploads\/2026\/08\/26-08-2026-SMS-002-768x432.jpeg 768w, https:\/\/blogdorogeriogomes.com.br\/noticias\/wp-content\/uploads\/2026\/08\/26-08-2026-SMS-002-1536x864.jpeg 1536w, https:\/\/blogdorogeriogomes.com.br\/noticias\/wp-content\/uploads\/2026\/08\/26-08-2026-SMS-002-2048x1152.jpeg 2048w, https:\/\/blogdorogeriogomes.com.br\/noticias\/wp-content\/uploads\/2026\/08\/26-08-2026-SMS-002-800x450.jpeg 800w\" sizes=\"auto, (max-width: 1024px) 100vw, 1024px\" \/><\/figure>\n","protected":false},"excerpt":{"rendered":"<p>A Prefeitura de Fortaleza entregou, nesta quarta-feira, dia 26 de agosto, o novo Posto de Sa\u00fade 4 Varas, na Barra do Cear\u00e1. A unidade estava fechada desde 2024, quando as obras foram paralisadas pela gest\u00e3o anterior. Retomada em 2025, a interven\u00e7\u00e3o contemplou a reforma completa do equipamento. O prefeito Evandro Leit\u00e3o destacou a import\u00e2ncia da retomada da obra e do retorno das atividades no equipamento. \u201cEssa \u00e9 mais uma obra que estava paralisada pela gest\u00e3o anterior. Enquanto isso, est\u00e1vamos&hellip;<\/p>\n","protected":false},"author":1,"featured_media":41917,"comment_status":"open","ping_status":"open","sticky":false,"template":"","format":"standard","meta":{"footnotes":""},"categories":[1],"tags":[],"class_list":["post-41916","post","type-post","status-publish","format-standard","has-post-thumbnail","hentry","category-noticias"],"_links":{"self":[{"href":"https:\/\/blogdorogeriogomes.com.br\/noticias\/wp-json\/wp\/v2\/posts\/41916","targetHints":{"allow":["GET"]}}],"collection":[{"href":"https:\/\/blogdorogeriogomes.com.br\/noticias\/wp-json\/wp\/v2\/posts"}],"about":[{"href":"https:\/\/blogdorogeriogomes.com.br\/noticias\/wp-json\/wp\/v2\/types\/post"}],"author":[{"embeddable":true,"href":"https:\/\/blogdorogeriogomes.com.br\/noticias\/wp-json\/wp\/v2\/users\/1"}],"replies":[{"embeddable":true,"href":"https:\/\/blogdorogeriogomes.com.br\/noticias\/wp-json\/wp\/v2\/comments?post=41916"}],"version-history":[{"count":2,"href":"https:\/\/blogdorogeriogomes.com.br\/noticias\/wp-json\/wp\/v2\/posts\/41916\/revisions"}],"predecessor-version":[{"id":41919,"href":"https:\/\/blogdorogeriogomes.com.br\/noticias\/wp-json\/wp\/v2\/posts\/41916\/revisions\/41919"}],"wp:featuredmedia":[{"embeddable":true,"href":"https:\/\/blogdorogeriogomes.com.br\/noticias\/wp-json\/wp\/v2\/media\/41917"}],"wp:attachment":[{"href":"https:\/\/blogdorogeriogomes.com.br\/noticias\/wp-json\/wp\/v2\/media?parent=41916"}],"wp:term":[{"taxonomy":"category","embeddable":true,"href":"https:\/\/blogdorogeriogomes.com.br\/noticias\/wp-json\/wp\/v2\/categories?post=41916"},{"taxonomy":"post_tag","embeddable":true,"href":"https:\/\/blogdorogeriogomes.com.br\/noticias\/wp-json\/wp\/v2\/tags?post=41916"}],"curies":[{"name":"wp","href":"https:\/\/api.w.org\/{rel}","templated":true}]}}