{"id":41920,"date":"2026-08-27T10:58:22","date_gmt":"2026-08-27T10:58:22","guid":{"rendered":"https:\/\/blogdorogeriogomes.com.br\/noticias\/?p=41920"},"modified":"2026-08-27T10:58:23","modified_gmt":"2026-08-27T10:58:23","slug":"elmano-de-freitas-e-ciro-gomes-voltam-a-se-enfrentar-em-debate-da-tv-o-povo-direto-de-juazeiro-do-norte-nesta-quinta-feira","status":"publish","type":"post","link":"https:\/\/blogdorogeriogomes.com.br\/noticias\/2026\/08\/elmano-de-freitas-e-ciro-gomes-voltam-a-se-enfrentar-em-debate-da-tv-o-povo-direto-de-juazeiro-do-norte-nesta-quinta-feira\/","title":{"rendered":"Elmano de Freitas e Ciro Gomes voltam a se enfrentar em debate da TV O POVO direto de Juazeiro do Norte nesta quinta-feira"},"content":{"rendered":"\n<p class=\"wp-block-paragraph\">Os candidatos ao Governo do Cear\u00e1, Elmano de Freitas (PT) e Ciro Gomes (PSDB) voltam a se enfrentar em um debate, nesta quinta-feira, dia 27 de agosto. As aten\u00e7\u00f5es da pol\u00edtica cearense se voltam para Juazeiro do Norte, na Regi\u00e3o do Cariri, onde os dois participam de um debate promovido pelo Grupo de Comunica\u00e7\u00e3o O POVO em parceria com a r\u00e1dio O POVO CBN Cariri.<\/p>\n\n\n\n<p class=\"wp-block-paragraph\">O evento marca a primeira vez que um debate com postulantes ao Governo do Estado \u00e9 realizado e transmitido diretamente do interior do Cear\u00e1. O confronto ganha contornos decisivos por acontecer na segunda semana da campanha oficial e na v\u00e9spera do in\u00edcio do hor\u00e1rio eleitoral gratuito no r\u00e1dio e na televis\u00e3o.<\/p>\n\n\n\n<p class=\"wp-block-paragraph\">Ap\u00f3s o debate, Elmano de Freitas ainda participa dos festejos de S\u00e3o Raimundo Nonato, em V\u00e1rzea Alegre. A programa\u00e7\u00e3o desta quinta-feira de Ciro Gomes est\u00e1 voltada apenas para o debate no Cariri.<\/p>\n\n\n\n<p class=\"wp-block-paragraph\">Em agenda nesta quarta-feira, dia 26, Elmano de Freitas criticou a falta de propostas do advers\u00e1rio. \u201cAcho importante que os candidatos debatam seguran\u00e7a p\u00fablica. Agora, o que eu espero da oposi\u00e7\u00e3o \u00e9 que ela apresente proposta. At\u00e9 aqui, eu s\u00f3 vejo ela falar de medo, de propaganda de fac\u00e7\u00e3o. Eu n\u00e3o vejo ela dizer como \u00e9 que ela vai enfrentar a fac\u00e7\u00e3o. Se for s\u00f3 no grito, isso n\u00e3o resolve nada. Grito n\u00e3o resolve problema de fac\u00e7\u00e3o\u201d, afirmou Elmano.<\/p>\n\n\n\n<p class=\"wp-block-paragraph\">Durante evento de campanha, Ciro Gomes falou em reduzir gastos com o Minha Casa, Minha Vida e prop\u00f4s realizar mutir\u00e3o para novas moradias. &#8220;\u00c9 preciso claramente estabelecer dois caminhos. Um \u00e9 a popula\u00e7\u00e3o de baixa renda: essa n\u00e3o tem condi\u00e7\u00e3o de entrar em nenhum desses programas. Nesse caso, \u00e9 retomar aquilo que eu j\u00e1 fiz no passado: em regime de mutir\u00e3o, em alternativas de autoconstru\u00e7\u00e3o ou em alternativas de subs\u00eddio direto, como o aluguel social, enfim, um conjunto de ferramentas que possam priorizar essas popula\u00e7\u00f5es que est\u00e3o especialmente em \u00e1reas de risco&#8221;, disse o candidato tucano.<\/p>\n\n\n\n<figure class=\"wp-block-image size-large\"><img loading=\"lazy\" decoding=\"async\" width=\"1024\" height=\"883\" src=\"https:\/\/blogdorogeriogomes.com.br\/noticias\/wp-content\/uploads\/2026\/08\/images-12-1024x883.jpeg\" alt=\"\" class=\"wp-image-41921\" srcset=\"https:\/\/blogdorogeriogomes.com.br\/noticias\/wp-content\/uploads\/2026\/08\/images-12-1024x883.jpeg 1024w, https:\/\/blogdorogeriogomes.com.br\/noticias\/wp-content\/uploads\/2026\/08\/images-12-300x259.jpeg 300w, https:\/\/blogdorogeriogomes.com.br\/noticias\/wp-content\/uploads\/2026\/08\/images-12-768x662.jpeg 768w, https:\/\/blogdorogeriogomes.com.br\/noticias\/wp-content\/uploads\/2026\/08\/images-12-1536x1325.jpeg 1536w, https:\/\/blogdorogeriogomes.com.br\/noticias\/wp-content\/uploads\/2026\/08\/images-12-800x690.jpeg 800w, https:\/\/blogdorogeriogomes.com.br\/noticias\/wp-content\/uploads\/2026\/08\/images-12.jpeg 1976w\" sizes=\"auto, (max-width: 1024px) 100vw, 1024px\" \/><\/figure>\n","protected":false},"excerpt":{"rendered":"<p>Os candidatos ao Governo do Cear\u00e1, Elmano de Freitas (PT) e Ciro Gomes (PSDB) voltam a se enfrentar em um debate, nesta quinta-feira, dia 27 de agosto. As aten\u00e7\u00f5es da pol\u00edtica cearense se voltam para Juazeiro do Norte, na Regi\u00e3o do Cariri, onde os dois participam de um debate promovido pelo Grupo de Comunica\u00e7\u00e3o O POVO em parceria com a r\u00e1dio O POVO CBN Cariri. O evento marca a primeira vez que um debate com postulantes ao Governo do&hellip;<\/p>\n","protected":false},"author":1,"featured_media":41921,"comment_status":"open","ping_status":"open","sticky":false,"template":"","format":"standard","meta":{"footnotes":""},"categories":[1],"tags":[],"class_list":["post-41920","post","type-post","status-publish","format-standard","has-post-thumbnail","hentry","category-noticias"],"_links":{"self":[{"href":"https:\/\/blogdorogeriogomes.com.br\/noticias\/wp-json\/wp\/v2\/posts\/41920","targetHints":{"allow":["GET"]}}],"collection":[{"href":"https:\/\/blogdorogeriogomes.com.br\/noticias\/wp-json\/wp\/v2\/posts"}],"about":[{"href":"https:\/\/blogdorogeriogomes.com.br\/noticias\/wp-json\/wp\/v2\/types\/post"}],"author":[{"embeddable":true,"href":"https:\/\/blogdorogeriogomes.com.br\/noticias\/wp-json\/wp\/v2\/users\/1"}],"replies":[{"embeddable":true,"href":"https:\/\/blogdorogeriogomes.com.br\/noticias\/wp-json\/wp\/v2\/comments?post=41920"}],"version-history":[{"count":1,"href":"https:\/\/blogdorogeriogomes.com.br\/noticias\/wp-json\/wp\/v2\/posts\/41920\/revisions"}],"predecessor-version":[{"id":41922,"href":"https:\/\/blogdorogeriogomes.com.br\/noticias\/wp-json\/wp\/v2\/posts\/41920\/revisions\/41922"}],"wp:featuredmedia":[{"embeddable":true,"href":"https:\/\/blogdorogeriogomes.com.br\/noticias\/wp-json\/wp\/v2\/media\/41921"}],"wp:attachment":[{"href":"https:\/\/blogdorogeriogomes.com.br\/noticias\/wp-json\/wp\/v2\/media?parent=41920"}],"wp:term":[{"taxonomy":"category","embeddable":true,"href":"https:\/\/blogdorogeriogomes.com.br\/noticias\/wp-json\/wp\/v2\/categories?post=41920"},{"taxonomy":"post_tag","embeddable":true,"href":"https:\/\/blogdorogeriogomes.com.br\/noticias\/wp-json\/wp\/v2\/tags?post=41920"}],"curies":[{"name":"wp","href":"https:\/\/api.w.org\/{rel}","templated":true}]}}