{"id":41923,"date":"2026-08-27T19:36:08","date_gmt":"2026-08-27T19:36:08","guid":{"rendered":"https:\/\/blogdorogeriogomes.com.br\/noticias\/?p=41923"},"modified":"2026-08-27T19:36:08","modified_gmt":"2026-08-27T19:36:08","slug":"mitchelle-meira-inaugura-comite-eleitoral-nesta-quinta-feira-em-fortaleza","status":"publish","type":"post","link":"https:\/\/blogdorogeriogomes.com.br\/noticias\/2026\/08\/mitchelle-meira-inaugura-comite-eleitoral-nesta-quinta-feira-em-fortaleza\/","title":{"rendered":"Mitchelle Meira inaugura comit\u00ea eleitoral nesta quinta-feira em Fortaleza"},"content":{"rendered":"\n<p class=\"wp-block-paragraph\">A candidata a deputada federal Mitchelle Meira oficializa, nesta quinta-feira, dia 27 de agosto, a abertura do seu comit\u00ea de campanha em Fortaleza. O espa\u00e7o est\u00e1 localizado na Avenida da Universidade, 2436, no bairro Benfica. Mais do que um ponto de apoio \u00e0 campanha, o comit\u00ea nasce como um espa\u00e7o de encontro, di\u00e1logo e constru\u00e7\u00e3o coletiva, reunindo militantes, apoiadores, lideran\u00e7as e a popula\u00e7\u00e3o para conversar sobre propostas e sobre o futuro do Cear\u00e1 e do Brasil.<\/p>\n\n\n\n<p class=\"wp-block-paragraph\">\u201cQuero convidar todo mundo para estar com a gente nesta quinta-feira. Esse comit\u00ea \u00e9 um espa\u00e7o de portas abertas, de encontro, de di\u00e1logo e, principalmente, de constru\u00e7\u00e3o coletiva. Vamos celebrar esse momento e seguir juntos nessa caminhada por um Cear\u00e1 e um Brasil mais justos e democr\u00e1ticos. Espero voc\u00eas!\u201d, convida Mitchelle Meira.<\/p>\n\n\n\n<p class=\"wp-block-paragraph\">Mitchelle Benevides Meira nasceu em Fortaleza, possui forma\u00e7\u00e3o em Gest\u00e3o P\u00fablica e especializa\u00e7\u00e3o em Direitos Humanos, com uma trajet\u00f3ria de milit\u00e2ncia e atua\u00e7\u00e3o direta na cria\u00e7\u00e3o e execu\u00e7\u00e3o de pol\u00edticas p\u00fablicas nos \u00e2mbitos municipal, estadual e federal.<\/p>\n\n\n\n<p class=\"wp-block-paragraph\">Na gest\u00e3o p\u00fablica, Mitchelle foi a primeira secret\u00e1ria da Diversidade do Cear\u00e1, no governo Elmano de Freitas. Tamb\u00e9m foi a primeira coordenadora municipal da Pol\u00edtica LGBTI+ de Fortaleza, durante a gest\u00e3o de Luizianne Lins, e a primeira coordenadora nacional da Pol\u00edtica LGBT, no governo do presidente Lula.<\/p>\n\n\n\n<p class=\"wp-block-paragraph\">A candidatura \u00e0 C\u00e2mara dos Deputados foi impulsionada por Luizianne Lins, atual deputada federal e candidata ao Senado tamb\u00e9m pela Rede. As duas mant\u00eam uma rela\u00e7\u00e3o de amizade, luta e trabalho conjunto desde 1999, quando Luizianne estava em seu primeiro mandato pol\u00edtico na C\u00e2mara Municipal de Fortaleza.<\/p>\n\n\n\n<figure class=\"wp-block-image size-large\"><img loading=\"lazy\" decoding=\"async\" width=\"778\" height=\"1024\" src=\"https:\/\/blogdorogeriogomes.com.br\/noticias\/wp-content\/uploads\/2026\/08\/IMG-20260827-WA0047-778x1024.jpg\" alt=\"\" class=\"wp-image-41925\" srcset=\"https:\/\/blogdorogeriogomes.com.br\/noticias\/wp-content\/uploads\/2026\/08\/IMG-20260827-WA0047-778x1024.jpg 778w, https:\/\/blogdorogeriogomes.com.br\/noticias\/wp-content\/uploads\/2026\/08\/IMG-20260827-WA0047-228x300.jpg 228w, https:\/\/blogdorogeriogomes.com.br\/noticias\/wp-content\/uploads\/2026\/08\/IMG-20260827-WA0047-768x1010.jpg 768w, https:\/\/blogdorogeriogomes.com.br\/noticias\/wp-content\/uploads\/2026\/08\/IMG-20260827-WA0047-800x1052.jpg 800w, https:\/\/blogdorogeriogomes.com.br\/noticias\/wp-content\/uploads\/2026\/08\/IMG-20260827-WA0047.jpg 941w\" sizes=\"auto, (max-width: 778px) 100vw, 778px\" \/><\/figure>\n\n\n\n<p class=\"wp-block-paragraph\"><\/p>\n\n\n\n<p class=\"wp-block-paragraph\"><\/p>\n\n\n\n<p class=\"wp-block-paragraph\"><\/p>\n\n\n\n<p class=\"wp-block-paragraph\"><\/p>\n\n\n\n<p class=\"wp-block-paragraph\"><\/p>\n","protected":false},"excerpt":{"rendered":"<p>A candidata a deputada federal Mitchelle Meira oficializa, nesta quinta-feira, dia 27 de agosto, a abertura do seu comit\u00ea de campanha em Fortaleza. O espa\u00e7o est\u00e1 localizado na Avenida da Universidade, 2436, no bairro Benfica. Mais do que um ponto de apoio \u00e0 campanha, o comit\u00ea nasce como um espa\u00e7o de encontro, di\u00e1logo e constru\u00e7\u00e3o coletiva, reunindo militantes, apoiadores, lideran\u00e7as e a popula\u00e7\u00e3o para conversar sobre propostas e sobre o futuro do Cear\u00e1 e do Brasil. \u201cQuero convidar todo&hellip;<\/p>\n","protected":false},"author":1,"featured_media":41925,"comment_status":"open","ping_status":"open","sticky":false,"template":"","format":"standard","meta":{"footnotes":""},"categories":[1],"tags":[],"class_list":["post-41923","post","type-post","status-publish","format-standard","has-post-thumbnail","hentry","category-noticias"],"_links":{"self":[{"href":"https:\/\/blogdorogeriogomes.com.br\/noticias\/wp-json\/wp\/v2\/posts\/41923","targetHints":{"allow":["GET"]}}],"collection":[{"href":"https:\/\/blogdorogeriogomes.com.br\/noticias\/wp-json\/wp\/v2\/posts"}],"about":[{"href":"https:\/\/blogdorogeriogomes.com.br\/noticias\/wp-json\/wp\/v2\/types\/post"}],"author":[{"embeddable":true,"href":"https:\/\/blogdorogeriogomes.com.br\/noticias\/wp-json\/wp\/v2\/users\/1"}],"replies":[{"embeddable":true,"href":"https:\/\/blogdorogeriogomes.com.br\/noticias\/wp-json\/wp\/v2\/comments?post=41923"}],"version-history":[{"count":2,"href":"https:\/\/blogdorogeriogomes.com.br\/noticias\/wp-json\/wp\/v2\/posts\/41923\/revisions"}],"predecessor-version":[{"id":41926,"href":"https:\/\/blogdorogeriogomes.com.br\/noticias\/wp-json\/wp\/v2\/posts\/41923\/revisions\/41926"}],"wp:featuredmedia":[{"embeddable":true,"href":"https:\/\/blogdorogeriogomes.com.br\/noticias\/wp-json\/wp\/v2\/media\/41925"}],"wp:attachment":[{"href":"https:\/\/blogdorogeriogomes.com.br\/noticias\/wp-json\/wp\/v2\/media?parent=41923"}],"wp:term":[{"taxonomy":"category","embeddable":true,"href":"https:\/\/blogdorogeriogomes.com.br\/noticias\/wp-json\/wp\/v2\/categories?post=41923"},{"taxonomy":"post_tag","embeddable":true,"href":"https:\/\/blogdorogeriogomes.com.br\/noticias\/wp-json\/wp\/v2\/tags?post=41923"}],"curies":[{"name":"wp","href":"https:\/\/api.w.org\/{rel}","templated":true}]}}