{"id":41927,"date":"2026-08-27T19:40:29","date_gmt":"2026-08-27T19:40:29","guid":{"rendered":"https:\/\/blogdorogeriogomes.com.br\/noticias\/?p=41927"},"modified":"2026-08-27T19:40:29","modified_gmt":"2026-08-27T19:40:29","slug":"rota-das-falesias-fortalece-presenca-no-cariri-com-roadshow-em-juazeiro-do-norte","status":"publish","type":"post","link":"https:\/\/blogdorogeriogomes.com.br\/noticias\/2026\/08\/rota-das-falesias-fortalece-presenca-no-cariri-com-roadshow-em-juazeiro-do-norte\/","title":{"rendered":"Rota das Fal\u00e9sias fortalece presen\u00e7a no Cariri com roadshow em Juazeiro do Norte"},"content":{"rendered":"\n<p class=\"wp-block-paragraph\">A Rota das Fal\u00e9sias realizou uma importante agenda de promo\u00e7\u00e3o tur\u00edstica em Juazeiro do Norte, no Cariri cearense, com o objetivo de fortalecer o relacionamento com o trade regional e ampliar as oportunidades de comercializa\u00e7\u00e3o dos destinos que integram o litoral leste do Cear\u00e1.<\/p>\n\n\n\n<p class=\"wp-block-paragraph\">A programa\u00e7\u00e3o contou com visitas a ag\u00eancias de viagens da regi\u00e3o e a realiza\u00e7\u00e3o de um roadshow no restaurante Taberna da Carne, reunindo cerca de 50 profissionais convidados, entre agentes de viagens, organizadores de excurs\u00f5es e representantes do setor tur\u00edstico.<\/p>\n\n\n\n<p class=\"wp-block-paragraph\">Durante o encontro, foram apresentados os munic\u00edpios que integram a Rota das Fal\u00e9sias \u2014 Eus\u00e9bio, Aquiraz, Pindoretama, Cascavel, Beberibe, Fortim, Aracati e Icapu\u00ed \u2014 al\u00e9m de seus principais atrativos, experi\u00eancias, equipamentos tur\u00edsticos e empreendimentos parceiros.<\/p>\n\n\n\n<p class=\"wp-block-paragraph\">\u201cNosso objetivo \u00e9 aproximar a Rota das Fal\u00e9sias ao mercado tur\u00edstico do Cariri, regi\u00e3o estrat\u00e9gica para a expans\u00e3o do fluxo de visitantes dentro do pr\u00f3prio Cear\u00e1. A iniciativa tamb\u00e9m busca estimular novas conex\u00f5es comerciais, apresentar produtos tur\u00edsticos integrados e fortalecer a presen\u00e7a da Rota das Fal\u00e9sias junto a profissionais que atuam diretamente na venda de pacotes, excurs\u00f5es e experi\u00eancias de viagem\u201d, destacou Lusi\u00e1rio Batalha, presidente da Ag\u00eancia de Desenvolvimento Tur\u00edstico da Rota das Fal\u00e9sias (Adeturf).<\/p>\n\n\n\n<p class=\"wp-block-paragraph\"><br>A agenda em Juazeiro do Norte tamb\u00e9m incluiu uma visita institucional ao Sebrae, onde foram realizadas conversas sobre novas parcerias, negocia\u00e7\u00f5es e a\u00e7\u00f5es conjuntas voltadas ao fortalecimento da promo\u00e7\u00e3o tur\u00edstica da Rota das Fal\u00e9sias.<\/p>\n\n\n\n<p class=\"wp-block-paragraph\"><br>A agenda no Cariri integra um conjunto de a\u00e7\u00f5es desenvolvidas pela Rota das Fal\u00e9sias ao longo de 2026 para ampliar sua presen\u00e7a no mercado tur\u00edstico, fortalecer o relacionamento com operadores, agentes de viagens e parceiros institucionais, al\u00e9m de consolidar o litoral leste cearense como uma das principais regi\u00f5es tur\u00edsticas do Estado.<\/p>\n\n\n\n<p class=\"wp-block-paragraph\">Entre as iniciativas realizadas no ano, destacam-se a\u00e7\u00f5es comerciais e promocionais no Cear\u00e1, Paran\u00e1 e Bras\u00edlia, com participa\u00e7\u00e3o em eventos, capacita\u00e7\u00f5es e encontros de relacionamento com o trade tur\u00edstico. A Rota das Fal\u00e9sias tamb\u00e9m marcou presen\u00e7a em agendas como Azul Day, Travel Shows e FIT Cataratas, al\u00e9m de promover capacita\u00e7\u00e3o exclusiva para agentes da CVC.<\/p>\n\n\n\n<p class=\"wp-block-paragraph\"><br>Com a realiza\u00e7\u00e3o do roadshow em Juazeiro do Norte, a Rota das Fal\u00e9sias d\u00e1 mais um passo para consolidar sua presen\u00e7a no Cariri e aproximar o litoral leste cearense de novos p\u00fablicos e mercados.<\/p>\n\n\n\n<p class=\"wp-block-paragraph\"><br>A Rota das Fal\u00e9sias re\u00fane destinos do litoral leste do Cear\u00e1 reconhecidos por suas praias, fal\u00e9sias, dunas, lagoas, gastronomia, cultura, esportes n\u00e1uticos e experi\u00eancias de natureza. Integram a rota os munic\u00edpios de Eus\u00e9bio, Aquiraz, Pindoretama, Cascavel, Beberibe, Fortim, Aracati e Icapu\u00ed.<\/p>\n\n\n\n<figure class=\"wp-block-image size-large\"><img loading=\"lazy\" decoding=\"async\" width=\"576\" height=\"1024\" src=\"https:\/\/blogdorogeriogomes.com.br\/noticias\/wp-content\/uploads\/2026\/08\/IMG-20260827-WA0107-576x1024.jpg\" alt=\"\" class=\"wp-image-41928\" srcset=\"https:\/\/blogdorogeriogomes.com.br\/noticias\/wp-content\/uploads\/2026\/08\/IMG-20260827-WA0107-576x1024.jpg 576w, https:\/\/blogdorogeriogomes.com.br\/noticias\/wp-content\/uploads\/2026\/08\/IMG-20260827-WA0107-169x300.jpg 169w, https:\/\/blogdorogeriogomes.com.br\/noticias\/wp-content\/uploads\/2026\/08\/IMG-20260827-WA0107-768x1365.jpg 768w, https:\/\/blogdorogeriogomes.com.br\/noticias\/wp-content\/uploads\/2026\/08\/IMG-20260827-WA0107-864x1536.jpg 864w, https:\/\/blogdorogeriogomes.com.br\/noticias\/wp-content\/uploads\/2026\/08\/IMG-20260827-WA0107-800x1422.jpg 800w, https:\/\/blogdorogeriogomes.com.br\/noticias\/wp-content\/uploads\/2026\/08\/IMG-20260827-WA0107.jpg 900w\" sizes=\"auto, (max-width: 576px) 100vw, 576px\" \/><\/figure>\n\n\n\n<p class=\"wp-block-paragraph\"><\/p>\n\n\n\n<p class=\"wp-block-paragraph\"><\/p>\n","protected":false},"excerpt":{"rendered":"<p>A Rota das Fal\u00e9sias realizou uma importante agenda de promo\u00e7\u00e3o tur\u00edstica em Juazeiro do Norte, no Cariri cearense, com o objetivo de fortalecer o relacionamento com o trade regional e ampliar as oportunidades de comercializa\u00e7\u00e3o dos destinos que integram o litoral leste do Cear\u00e1. A programa\u00e7\u00e3o contou com visitas a ag\u00eancias de viagens da regi\u00e3o e a realiza\u00e7\u00e3o de um roadshow no restaurante Taberna da Carne, reunindo cerca de 50 profissionais convidados, entre agentes de viagens, organizadores de excurs\u00f5es&hellip;<\/p>\n","protected":false},"author":1,"featured_media":41928,"comment_status":"open","ping_status":"open","sticky":false,"template":"","format":"standard","meta":{"footnotes":""},"categories":[1],"tags":[],"class_list":["post-41927","post","type-post","status-publish","format-standard","has-post-thumbnail","hentry","category-noticias"],"_links":{"self":[{"href":"https:\/\/blogdorogeriogomes.com.br\/noticias\/wp-json\/wp\/v2\/posts\/41927","targetHints":{"allow":["GET"]}}],"collection":[{"href":"https:\/\/blogdorogeriogomes.com.br\/noticias\/wp-json\/wp\/v2\/posts"}],"about":[{"href":"https:\/\/blogdorogeriogomes.com.br\/noticias\/wp-json\/wp\/v2\/types\/post"}],"author":[{"embeddable":true,"href":"https:\/\/blogdorogeriogomes.com.br\/noticias\/wp-json\/wp\/v2\/users\/1"}],"replies":[{"embeddable":true,"href":"https:\/\/blogdorogeriogomes.com.br\/noticias\/wp-json\/wp\/v2\/comments?post=41927"}],"version-history":[{"count":1,"href":"https:\/\/blogdorogeriogomes.com.br\/noticias\/wp-json\/wp\/v2\/posts\/41927\/revisions"}],"predecessor-version":[{"id":41929,"href":"https:\/\/blogdorogeriogomes.com.br\/noticias\/wp-json\/wp\/v2\/posts\/41927\/revisions\/41929"}],"wp:featuredmedia":[{"embeddable":true,"href":"https:\/\/blogdorogeriogomes.com.br\/noticias\/wp-json\/wp\/v2\/media\/41928"}],"wp:attachment":[{"href":"https:\/\/blogdorogeriogomes.com.br\/noticias\/wp-json\/wp\/v2\/media?parent=41927"}],"wp:term":[{"taxonomy":"category","embeddable":true,"href":"https:\/\/blogdorogeriogomes.com.br\/noticias\/wp-json\/wp\/v2\/categories?post=41927"},{"taxonomy":"post_tag","embeddable":true,"href":"https:\/\/blogdorogeriogomes.com.br\/noticias\/wp-json\/wp\/v2\/tags?post=41927"}],"curies":[{"name":"wp","href":"https:\/\/api.w.org\/{rel}","templated":true}]}}