{"id":41930,"date":"2026-08-27T20:22:59","date_gmt":"2026-08-27T20:22:59","guid":{"rendered":"https:\/\/blogdorogeriogomes.com.br\/noticias\/?p=41930"},"modified":"2026-08-27T20:22:59","modified_gmt":"2026-08-27T20:22:59","slug":"propaganda-eleitoral-no-radio-e-na-tv-comeca-nesta-sexta-feira-apenas-elmano-e-ciro-terao-direito-ao-horario-gratuito-na-disputa-a-governador","status":"publish","type":"post","link":"https:\/\/blogdorogeriogomes.com.br\/noticias\/2026\/08\/propaganda-eleitoral-no-radio-e-na-tv-comeca-nesta-sexta-feira-apenas-elmano-e-ciro-terao-direito-ao-horario-gratuito-na-disputa-a-governador\/","title":{"rendered":"Propaganda eleitoral no R\u00e1dio e na TV come\u00e7a nesta sexta-feira. Apenas Elmano e Ciro ter\u00e3o direito ao hor\u00e1rio gratuito na disputa a governador"},"content":{"rendered":"\n<p class=\"wp-block-paragraph\">A propaganda eleitoral gratuita no r\u00e1dio e na televis\u00e3o para o Governo do Cear\u00e1 em 2026 come\u00e7a nesta sexta-feira, dia 28 de agosto, polarizada entre o atual governador Elmano de Freitas (PT) e o ex-governador Ciro Gomes (PSDB). Elmano de Freitas, da Coliga\u00e7\u00e3o \u201cCear\u00e1 Forte do Lado Certo\u201d ter\u00e1 o maior tempo de exposi\u00e7\u00e3o, com 4 minutos e 37 segundos por bloco. Por sorteio do Tribunal Regional Eleitoral do Cear\u00e1 (TRE-CE), sua coliga\u00e7\u00e3o veicula o segundo programa do dia na estreia.<\/p>\n\n\n\n<p class=\"wp-block-paragraph\">J\u00e1 Ciro Gomes, da Coliga\u00e7\u00e3o \u201cUnir para Mudar\u201d vai contar com 4 minutos e 22 segundos em cada bloco, sendo 15 segundos a menos que o atual governador. Ficou com a primeira posi\u00e7\u00e3o na ordem de exibi\u00e7\u00e3o do primeiro dia de r\u00e1dio e TV.<\/p>\n\n\n\n<p class=\"wp-block-paragraph\">Os demais candidatos ao Pal\u00e1cio da Aboli\u00e7\u00e3o n\u00e3o atingiram os requisitos da cl\u00e1usula de desempenho e n\u00e3o ter\u00e3o tempo dedicado no hor\u00e1rio tradicional de r\u00e1dio e TV, focando as estrat\u00e9gias nas redes sociais.<\/p>\n\n\n\n<p class=\"wp-block-paragraph\">Ciro Gomes deve abrir o hor\u00e1rio eleitoral apostando em um discurso focado na necessidade de mudan\u00e7a na gest\u00e3o estadual, com forte \u00eanfase em cr\u00edticas \u00e0 seguran\u00e7a p\u00fablica e temas administrativos.<\/p>\n\n\n\n<p class=\"wp-block-paragraph\">Elmano de Freitas busca consolidar as realiza\u00e7\u00f5es da sua gest\u00e3o nas \u00e1reas de sa\u00fade e educa\u00e7\u00e3o, al\u00e9m de nacionalizar o palanque ao colar sua imagem \u00e0 do presidente Lula.<\/p>\n\n\n\n<figure class=\"wp-block-image size-full\"><img loading=\"lazy\" decoding=\"async\" width=\"768\" height=\"512\" src=\"https:\/\/blogdorogeriogomes.com.br\/noticias\/wp-content\/uploads\/2026\/08\/propaganda-eleitoral-768x512-1.jpg\" alt=\"\" class=\"wp-image-41931\" srcset=\"https:\/\/blogdorogeriogomes.com.br\/noticias\/wp-content\/uploads\/2026\/08\/propaganda-eleitoral-768x512-1.jpg 768w, https:\/\/blogdorogeriogomes.com.br\/noticias\/wp-content\/uploads\/2026\/08\/propaganda-eleitoral-768x512-1-300x200.jpg 300w\" sizes=\"auto, (max-width: 768px) 100vw, 768px\" \/><\/figure>\n","protected":false},"excerpt":{"rendered":"<p>A propaganda eleitoral gratuita no r\u00e1dio e na televis\u00e3o para o Governo do Cear\u00e1 em 2026 come\u00e7a nesta sexta-feira, dia 28 de agosto, polarizada entre o atual governador Elmano de Freitas (PT) e o ex-governador Ciro Gomes (PSDB). Elmano de Freitas, da Coliga\u00e7\u00e3o \u201cCear\u00e1 Forte do Lado Certo\u201d ter\u00e1 o maior tempo de exposi\u00e7\u00e3o, com 4 minutos e 37 segundos por bloco. Por sorteio do Tribunal Regional Eleitoral do Cear\u00e1 (TRE-CE), sua coliga\u00e7\u00e3o veicula o segundo programa do dia&hellip;<\/p>\n","protected":false},"author":1,"featured_media":41931,"comment_status":"open","ping_status":"open","sticky":false,"template":"","format":"standard","meta":{"footnotes":""},"categories":[1],"tags":[],"class_list":["post-41930","post","type-post","status-publish","format-standard","has-post-thumbnail","hentry","category-noticias"],"_links":{"self":[{"href":"https:\/\/blogdorogeriogomes.com.br\/noticias\/wp-json\/wp\/v2\/posts\/41930","targetHints":{"allow":["GET"]}}],"collection":[{"href":"https:\/\/blogdorogeriogomes.com.br\/noticias\/wp-json\/wp\/v2\/posts"}],"about":[{"href":"https:\/\/blogdorogeriogomes.com.br\/noticias\/wp-json\/wp\/v2\/types\/post"}],"author":[{"embeddable":true,"href":"https:\/\/blogdorogeriogomes.com.br\/noticias\/wp-json\/wp\/v2\/users\/1"}],"replies":[{"embeddable":true,"href":"https:\/\/blogdorogeriogomes.com.br\/noticias\/wp-json\/wp\/v2\/comments?post=41930"}],"version-history":[{"count":1,"href":"https:\/\/blogdorogeriogomes.com.br\/noticias\/wp-json\/wp\/v2\/posts\/41930\/revisions"}],"predecessor-version":[{"id":41932,"href":"https:\/\/blogdorogeriogomes.com.br\/noticias\/wp-json\/wp\/v2\/posts\/41930\/revisions\/41932"}],"wp:featuredmedia":[{"embeddable":true,"href":"https:\/\/blogdorogeriogomes.com.br\/noticias\/wp-json\/wp\/v2\/media\/41931"}],"wp:attachment":[{"href":"https:\/\/blogdorogeriogomes.com.br\/noticias\/wp-json\/wp\/v2\/media?parent=41930"}],"wp:term":[{"taxonomy":"category","embeddable":true,"href":"https:\/\/blogdorogeriogomes.com.br\/noticias\/wp-json\/wp\/v2\/categories?post=41930"},{"taxonomy":"post_tag","embeddable":true,"href":"https:\/\/blogdorogeriogomes.com.br\/noticias\/wp-json\/wp\/v2\/tags?post=41930"}],"curies":[{"name":"wp","href":"https:\/\/api.w.org\/{rel}","templated":true}]}}