{"id":41933,"date":"2026-08-28T01:08:15","date_gmt":"2026-08-28T01:08:15","guid":{"rendered":"https:\/\/blogdorogeriogomes.com.br\/noticias\/?p=41933"},"modified":"2026-08-28T01:09:06","modified_gmt":"2026-08-28T01:09:06","slug":"elmano-de-freitas-e-ciro-gomes-trocam-farpas-em-debate-da-tv-o-povo-ciro-chama-rival-de-mentiroso-e-elmano-exige-vergonha-na-cara","status":"publish","type":"post","link":"https:\/\/blogdorogeriogomes.com.br\/noticias\/2026\/08\/elmano-de-freitas-e-ciro-gomes-trocam-farpas-em-debate-da-tv-o-povo-ciro-chama-rival-de-mentiroso-e-elmano-exige-vergonha-na-cara\/","title":{"rendered":"Elmano de Freitas e Ciro Gomes trocam farpas em debate da TV O POVO. Ciro chama rival de &#8220;mentiroso&#8221; e Elmano exige &#8220;vergonha na cara&#8221;"},"content":{"rendered":"\n<p class=\"wp-block-paragraph\">O primeiro debate de r\u00e1dio e televis\u00e3o realizado na regi\u00e3o do Cariri, promovido pelo Grupo de Comunica\u00e7\u00e3o O POVO, exp\u00f4s a forte polariza\u00e7\u00e3o entre o governador e candidato \u00e0 reelei\u00e7\u00e3o, Elmano de Freitas (PT), e o ex-governador Ciro Gomes (PSDB). Transmitido ao vivo pela TV O POVO, direto de Juazeiro do Norte, o encontro desta quinta-feira, dia 27 de agosto, foi marcado por um clima tenso, acusa\u00e7\u00f5es pessoais pesadas e bate-bocas diretos sobre seguran\u00e7a p\u00fablica, sa\u00fade e alian\u00e7as pol\u00edticas.<\/p>\n\n\n\n<p class=\"wp-block-paragraph\">A temperatura do est\u00fadio subiu rapidamente com ofensas diretas disparadas por ambos os lados. Ciro Gomes subiu o tom ao classificar Elmano como &#8220;demagogo mentiroso&#8221;. Ciro afirmou que a atual gest\u00e3o estadual vive de &#8220;muletas&#8221; de administra\u00e7\u00f5es passadas e disparou que &#8220;se tirar a muleta, o Elmano cai&#8221;. Em outras ocasi\u00f5es da campanha e nos bastidores, Ciro chegou a usar termos pejorativos como &#8220;valent\u00e3o de est\u00fadio&#8221; e &#8220;pinto cal\u00e7udo&#8221; para minar a imagem do petista.<\/p>\n\n\n\n<p class=\"wp-block-paragraph\">O governador Elmano de Freitas respondeu \u00e0 altura e cobrou que Ciro tivesse &#8220;vergonha na cara&#8221;. Elmano acusou o advers\u00e1rio de propagar den\u00fancias falsas na \u00e1rea da sa\u00fade que j\u00e1 foram arquivadas pelo Minist\u00e9rio P\u00fablico, al\u00e9m de criticar Ciro por proferir palavr\u00f5es nos bastidores e desrespeitar lideran\u00e7as como o ministro Camilo Santana e o presidente Lula. Ele ainda desafiou abertamente o rival: &#8220;Apresente um processo contra mim&#8221;.<\/p>\n\n\n\n<p class=\"wp-block-paragraph\">A seguran\u00e7a p\u00fablica foi um dos temas mais tensos do confronto no Cariri. Ciro Gomes pressionou o governador cobrando respostas firmes sobre o avan\u00e7o e a forte presen\u00e7a de fac\u00e7\u00f5es criminosas no Cear\u00e1. Elmano rebateu defendendo as a\u00e7\u00f5es policiais e os investimentos de seu governo, devolvendo a provoca\u00e7\u00e3o ao questionar as realiza\u00e7\u00f5es e o hist\u00f3rico de Ciro na \u00e1rea quando governou o estado.<\/p>\n\n\n\n<p class=\"wp-block-paragraph\">O setor de sa\u00fade e o hist\u00f3rico administrativo geraram novas diverg\u00eancias. Elmano de Freitas atacou o per\u00edodo em que o grupo de Ciro esteve no poder, afirmando que passaram &#8220;20 anos e n\u00e3o fizeram nenhum&#8221; hospital de alta complexidade regional. Ciro rebateu criticando a atual situa\u00e7\u00e3o do atendimento m\u00e9dico e o modelo pol\u00edtico da gest\u00e3o petista, afirmando que o modelo de poder no Cear\u00e1 &#8220;apodreceu e virou uma coisa abusiva&#8221;.<\/p>\n\n\n\n<p class=\"wp-block-paragraph\">No campo das alian\u00e7as, ap\u00f3s questionamentos de Ciro sobre apoios pol\u00eamicos no interior (como o caso de Bebeto do Chor\u00f3), Elmano ironizou o advers\u00e1rio lembrando que a referida lideran\u00e7a, na verdade, havia apoiado o candidato a vice na chapa de Ciro, Roberto Cl\u00e1udio, em elei\u00e7\u00f5es passadas.<\/p>\n\n\n\n<figure class=\"wp-block-image size-large\"><img loading=\"lazy\" decoding=\"async\" width=\"1024\" height=\"576\" src=\"https:\/\/blogdorogeriogomes.com.br\/noticias\/wp-content\/uploads\/2026\/08\/1_debate_opovo_ciro_elmano-42262070-1024x576.jpg\" alt=\"\" class=\"wp-image-41934\" srcset=\"https:\/\/blogdorogeriogomes.com.br\/noticias\/wp-content\/uploads\/2026\/08\/1_debate_opovo_ciro_elmano-42262070-1024x576.jpg 1024w, https:\/\/blogdorogeriogomes.com.br\/noticias\/wp-content\/uploads\/2026\/08\/1_debate_opovo_ciro_elmano-42262070-300x169.jpg 300w, https:\/\/blogdorogeriogomes.com.br\/noticias\/wp-content\/uploads\/2026\/08\/1_debate_opovo_ciro_elmano-42262070-768x432.jpg 768w, https:\/\/blogdorogeriogomes.com.br\/noticias\/wp-content\/uploads\/2026\/08\/1_debate_opovo_ciro_elmano-42262070-800x450.jpg 800w, https:\/\/blogdorogeriogomes.com.br\/noticias\/wp-content\/uploads\/2026\/08\/1_debate_opovo_ciro_elmano-42262070.jpg 1200w\" sizes=\"auto, (max-width: 1024px) 100vw, 1024px\" \/><\/figure>\n","protected":false},"excerpt":{"rendered":"<p>O primeiro debate de r\u00e1dio e televis\u00e3o realizado na regi\u00e3o do Cariri, promovido pelo Grupo de Comunica\u00e7\u00e3o O POVO, exp\u00f4s a forte polariza\u00e7\u00e3o entre o governador e candidato \u00e0 reelei\u00e7\u00e3o, Elmano de Freitas (PT), e o ex-governador Ciro Gomes (PSDB). Transmitido ao vivo pela TV O POVO, direto de Juazeiro do Norte, o encontro desta quinta-feira, dia 27 de agosto, foi marcado por um clima tenso, acusa\u00e7\u00f5es pessoais pesadas e bate-bocas diretos sobre seguran\u00e7a p\u00fablica, sa\u00fade e alian\u00e7as pol\u00edticas.&hellip;<\/p>\n","protected":false},"author":1,"featured_media":41934,"comment_status":"open","ping_status":"open","sticky":false,"template":"","format":"standard","meta":{"footnotes":""},"categories":[1],"tags":[],"class_list":["post-41933","post","type-post","status-publish","format-standard","has-post-thumbnail","hentry","category-noticias"],"_links":{"self":[{"href":"https:\/\/blogdorogeriogomes.com.br\/noticias\/wp-json\/wp\/v2\/posts\/41933","targetHints":{"allow":["GET"]}}],"collection":[{"href":"https:\/\/blogdorogeriogomes.com.br\/noticias\/wp-json\/wp\/v2\/posts"}],"about":[{"href":"https:\/\/blogdorogeriogomes.com.br\/noticias\/wp-json\/wp\/v2\/types\/post"}],"author":[{"embeddable":true,"href":"https:\/\/blogdorogeriogomes.com.br\/noticias\/wp-json\/wp\/v2\/users\/1"}],"replies":[{"embeddable":true,"href":"https:\/\/blogdorogeriogomes.com.br\/noticias\/wp-json\/wp\/v2\/comments?post=41933"}],"version-history":[{"count":2,"href":"https:\/\/blogdorogeriogomes.com.br\/noticias\/wp-json\/wp\/v2\/posts\/41933\/revisions"}],"predecessor-version":[{"id":41936,"href":"https:\/\/blogdorogeriogomes.com.br\/noticias\/wp-json\/wp\/v2\/posts\/41933\/revisions\/41936"}],"wp:featuredmedia":[{"embeddable":true,"href":"https:\/\/blogdorogeriogomes.com.br\/noticias\/wp-json\/wp\/v2\/media\/41934"}],"wp:attachment":[{"href":"https:\/\/blogdorogeriogomes.com.br\/noticias\/wp-json\/wp\/v2\/media?parent=41933"}],"wp:term":[{"taxonomy":"category","embeddable":true,"href":"https:\/\/blogdorogeriogomes.com.br\/noticias\/wp-json\/wp\/v2\/categories?post=41933"},{"taxonomy":"post_tag","embeddable":true,"href":"https:\/\/blogdorogeriogomes.com.br\/noticias\/wp-json\/wp\/v2\/tags?post=41933"}],"curies":[{"name":"wp","href":"https:\/\/api.w.org\/{rel}","templated":true}]}}