{"id":41937,"date":"2026-08-28T10:35:25","date_gmt":"2026-08-28T10:35:25","guid":{"rendered":"https:\/\/blogdorogeriogomes.com.br\/noticias\/?p=41937"},"modified":"2026-08-28T10:35:26","modified_gmt":"2026-08-28T10:35:26","slug":"em-sabatina-tensa-na-globo-lula-defende-gestao-fiscal-projeta-fim-da-fila-do-inss-e-reage-a-perguntas-sobre-corrupcao-e-investigacoes-familiares","status":"publish","type":"post","link":"https:\/\/blogdorogeriogomes.com.br\/noticias\/2026\/08\/em-sabatina-tensa-na-globo-lula-defende-gestao-fiscal-projeta-fim-da-fila-do-inss-e-reage-a-perguntas-sobre-corrupcao-e-investigacoes-familiares\/","title":{"rendered":"Em sabatina tensa na Globo, Lula defende gest\u00e3o fiscal, projeta fim da fila do INSS e reage a perguntas sobre corrup\u00e7\u00e3o e investiga\u00e7\u00f5es familiares"},"content":{"rendered":"\n<hr class=\"wp-block-separator has-alpha-channel-opacity\"\/>\n\n\n\n<p class=\"wp-block-paragraph\">O presidente e candidato \u00e0 reelei\u00e7\u00e3o, Luiz In\u00e1cio Lula da Silva (PT), participou na \u00faltima quinta-feira, dia 27 de agosto, da rodada de entrevistas com os presidenci\u00e1veis promovida pela TV Globo. Conduzida pelos jornalistas Renata Vasconcellos e C\u00e9sar Tralli ao vivo nos Est\u00fadios Globo, a sabatina foi marcada por embates diretos sobre a agenda econ\u00f4mica, seguran\u00e7a p\u00fablica e investiga\u00e7\u00f5es de corrup\u00e7\u00e3o.<\/p>\n\n\n\n<p class=\"wp-block-paragraph\">O bloco inicial concentrou os momentos mais duros da entrevista. Questionado sobre os inqu\u00e9ritos que envolvem seu filho mais velho, F\u00e1bio Lu\u00eds Lula da Silva (Lulinha), Lula adotou uma postura pragm\u00e1tica. Afirmou de forma direta que, caso seu filho tenha cometido qualquer ato il\u00edcito, dever\u00e1 pagar legalmente por seus erros. Defendeu que as investiga\u00e7\u00f5es de \u00f3rg\u00e3os competentes corram de forma aut\u00f4noma e sem interfer\u00eancias pol\u00edticas. <\/p>\n\n\n\n<p class=\"wp-block-paragraph\">Houve tamb\u00e9m um princ\u00edpio de atrito quando o passado pol\u00edtico veio \u00e0 tona. Lula declarou que n\u00e3o se esquece do &#8220;PowerPoint&#8221; utilizado pela Opera\u00e7\u00e3o Lava Jato contra ele, provocando uma interven\u00e7\u00e3o de C\u00e9sar Tralli, que pontuou as diretrizes e retrata\u00e7\u00f5es editoriais da emissora antes de prosseguir com os questionamentos do dia. <\/p>\n\n\n\n<p class=\"wp-block-paragraph\">Na \u00e1rea fiscal, o presidente entrou em rota de colis\u00e3o com a bancada ao rebater perguntas de Renata Vasconcellos sobre o endividamento p\u00fablico e o controle de gastos. Lula evocou seus mandatos anteriores, destacando que sempre entregou super\u00e1vits nas contas p\u00fablicas. &#8220;Se tem algu\u00e9m nesse pa\u00eds que tem responsabilidade fiscal, sou eu&#8221;, rebateu.<\/p>\n\n\n\n<p class=\"wp-block-paragraph\">Um dos grandes destaques da noite foi o an\u00fancio de uma meta central de seu terceiro mandato. O petista assegurou que o governo ir\u00e1 zerar a fila de espera da Previd\u00eancia Social j\u00e1 na pr\u00f3xima semana, reduzindo o tempo padr\u00e3o para o patamar t\u00e9cnico normal de atendimento.<\/p>\n\n\n\n<p class=\"wp-block-paragraph\">O candidato descartou veementemente qualquer possibilidade de privatiza\u00e7\u00e3o dos Correios, demonstrando confian\u00e7a na reestrutura\u00e7\u00e3o financeira das empresas p\u00fablicas. Ao ser confrontado sobre os \u00edndices de viol\u00eancia na Bahia, estado governado pelo PT h\u00e1 duas d\u00e9cadas e que concentra altos \u00edndices de letalidade, Lula considerou a abordagem injusta. Ele argumentou que a criminalidade organizada se tornou um desafio nacional estrutural e que nenhum governador sozinho consegue conter o avan\u00e7o das fac\u00e7\u00f5es criminosas. Como solu\u00e7\u00e3o de longo prazo, defendeu a aprova\u00e7\u00e3o da PEC da Seguran\u00e7a P\u00fablica. <\/p>\n\n\n\n<p class=\"wp-block-paragraph\">Na educa\u00e7\u00e3o, o presidente Lula exibiu com entusiasmo dados sobre o pacto nacional com prefeituras, apontando que as metas federais de alfabetiza\u00e7\u00e3o na idade certa superaram os 66% no per\u00edodo recente.<\/p>\n\n\n\n<figure class=\"wp-block-image size-full\"><img loading=\"lazy\" decoding=\"async\" width=\"600\" height=\"400\" src=\"https:\/\/blogdorogeriogomes.com.br\/noticias\/wp-content\/uploads\/2026\/08\/whatsapp-image-2026-08-27-at-21.01.52.jpeg\" alt=\"\" class=\"wp-image-41938\" srcset=\"https:\/\/blogdorogeriogomes.com.br\/noticias\/wp-content\/uploads\/2026\/08\/whatsapp-image-2026-08-27-at-21.01.52.jpeg 600w, https:\/\/blogdorogeriogomes.com.br\/noticias\/wp-content\/uploads\/2026\/08\/whatsapp-image-2026-08-27-at-21.01.52-300x200.jpeg 300w\" sizes=\"auto, (max-width: 600px) 100vw, 600px\" \/><\/figure>\n\n\n\n<p class=\"wp-block-paragraph\"><\/p>\n","protected":false},"excerpt":{"rendered":"<p>O presidente e candidato \u00e0 reelei\u00e7\u00e3o, Luiz In\u00e1cio Lula da Silva (PT), participou na \u00faltima quinta-feira, dia 27 de agosto, da rodada de entrevistas com os presidenci\u00e1veis promovida pela TV Globo. Conduzida pelos jornalistas Renata Vasconcellos e C\u00e9sar Tralli ao vivo nos Est\u00fadios Globo, a sabatina foi marcada por embates diretos sobre a agenda econ\u00f4mica, seguran\u00e7a p\u00fablica e investiga\u00e7\u00f5es de corrup\u00e7\u00e3o. O bloco inicial concentrou os momentos mais duros da entrevista. Questionado sobre os inqu\u00e9ritos que envolvem seu filho&hellip;<\/p>\n","protected":false},"author":1,"featured_media":41938,"comment_status":"open","ping_status":"open","sticky":false,"template":"","format":"standard","meta":{"footnotes":""},"categories":[1],"tags":[],"class_list":["post-41937","post","type-post","status-publish","format-standard","has-post-thumbnail","hentry","category-noticias"],"_links":{"self":[{"href":"https:\/\/blogdorogeriogomes.com.br\/noticias\/wp-json\/wp\/v2\/posts\/41937","targetHints":{"allow":["GET"]}}],"collection":[{"href":"https:\/\/blogdorogeriogomes.com.br\/noticias\/wp-json\/wp\/v2\/posts"}],"about":[{"href":"https:\/\/blogdorogeriogomes.com.br\/noticias\/wp-json\/wp\/v2\/types\/post"}],"author":[{"embeddable":true,"href":"https:\/\/blogdorogeriogomes.com.br\/noticias\/wp-json\/wp\/v2\/users\/1"}],"replies":[{"embeddable":true,"href":"https:\/\/blogdorogeriogomes.com.br\/noticias\/wp-json\/wp\/v2\/comments?post=41937"}],"version-history":[{"count":1,"href":"https:\/\/blogdorogeriogomes.com.br\/noticias\/wp-json\/wp\/v2\/posts\/41937\/revisions"}],"predecessor-version":[{"id":41939,"href":"https:\/\/blogdorogeriogomes.com.br\/noticias\/wp-json\/wp\/v2\/posts\/41937\/revisions\/41939"}],"wp:featuredmedia":[{"embeddable":true,"href":"https:\/\/blogdorogeriogomes.com.br\/noticias\/wp-json\/wp\/v2\/media\/41938"}],"wp:attachment":[{"href":"https:\/\/blogdorogeriogomes.com.br\/noticias\/wp-json\/wp\/v2\/media?parent=41937"}],"wp:term":[{"taxonomy":"category","embeddable":true,"href":"https:\/\/blogdorogeriogomes.com.br\/noticias\/wp-json\/wp\/v2\/categories?post=41937"},{"taxonomy":"post_tag","embeddable":true,"href":"https:\/\/blogdorogeriogomes.com.br\/noticias\/wp-json\/wp\/v2\/tags?post=41937"}],"curies":[{"name":"wp","href":"https:\/\/api.w.org\/{rel}","templated":true}]}}