{"id":41940,"date":"2026-08-28T13:10:28","date_gmt":"2026-08-28T13:10:28","guid":{"rendered":"https:\/\/blogdorogeriogomes.com.br\/noticias\/?p=41940"},"modified":"2026-08-28T13:10:28","modified_gmt":"2026-08-28T13:10:28","slug":"em-maratona-no-cariri-elmano-de-freitas-e-ciro-gomes-cumprem-agendas-intensas-na-regiao-nesta-sexta-feira","status":"publish","type":"post","link":"https:\/\/blogdorogeriogomes.com.br\/noticias\/2026\/08\/em-maratona-no-cariri-elmano-de-freitas-e-ciro-gomes-cumprem-agendas-intensas-na-regiao-nesta-sexta-feira\/","title":{"rendered":"Em maratona no Cariri, Elmano de Freitas e Ciro Gomes cumprem agendas intensas na regi\u00e3o nesta sexta-feira"},"content":{"rendered":"\n<p class=\"wp-block-paragraph\">Os candidatos ao Governo do Cear\u00e1, Elmano de Freitas (PT) e Ciro Gomes (PSDB), cumprem uma  maratona com atos de campanha na regi\u00e3o do Cariri nesta sexta-feira, dia 28 de agosto. A movimenta\u00e7\u00e3o ocorre logo ap\u00f3s o tenso debate direto protagonizado pelos dois candidatos na noite anterior, e coincide com a estreia de ambos no hor\u00e1rio eleitoral gratuito no r\u00e1dio e na televis\u00e3o.<\/p>\n\n\n\n<p class=\"wp-block-paragraph\">Elmano de Freitas iniciou o dia com caminhada no Crato (Pra\u00e7a Cristo Rei). Concede entrevista na R\u00e1dio Vale FM em Juazeiro do Norte e encerra a programa\u00e7\u00e3o com a inaugura\u00e7\u00e3o de seu comit\u00ea de campanha na Avenida Le\u00e3o Sampaio, em Juazeiro do Norte.<\/p>\n\n\n\n<p class=\"wp-block-paragraph\">Ciro Gomes concentrou suas atividades pela manh\u00e3 com caminhada em Miss\u00e3o Velha, realiza uma minicarreata em Mauriti e conclui a agenda com visita \u00e0 feira Expobrejo, em Brejo Santo.<\/p>\n\n\n\n<figure class=\"wp-block-image size-full\"><img loading=\"lazy\" decoding=\"async\" width=\"549\" height=\"364\" src=\"https:\/\/blogdorogeriogomes.com.br\/noticias\/wp-content\/uploads\/2026\/08\/images-13.jpeg\" alt=\"\" class=\"wp-image-41941\" srcset=\"https:\/\/blogdorogeriogomes.com.br\/noticias\/wp-content\/uploads\/2026\/08\/images-13.jpeg 549w, https:\/\/blogdorogeriogomes.com.br\/noticias\/wp-content\/uploads\/2026\/08\/images-13-300x199.jpeg 300w\" sizes=\"auto, (max-width: 549px) 100vw, 549px\" \/><\/figure>\n","protected":false},"excerpt":{"rendered":"<p>Os candidatos ao Governo do Cear\u00e1, Elmano de Freitas (PT) e Ciro Gomes (PSDB), cumprem uma maratona com atos de campanha na regi\u00e3o do Cariri nesta sexta-feira, dia 28 de agosto. A movimenta\u00e7\u00e3o ocorre logo ap\u00f3s o tenso debate direto protagonizado pelos dois candidatos na noite anterior, e coincide com a estreia de ambos no hor\u00e1rio eleitoral gratuito no r\u00e1dio e na televis\u00e3o. Elmano de Freitas iniciou o dia com caminhada no Crato (Pra\u00e7a Cristo Rei). Concede entrevista na&hellip;<\/p>\n","protected":false},"author":1,"featured_media":41941,"comment_status":"open","ping_status":"open","sticky":false,"template":"","format":"standard","meta":{"footnotes":""},"categories":[1],"tags":[],"class_list":["post-41940","post","type-post","status-publish","format-standard","has-post-thumbnail","hentry","category-noticias"],"_links":{"self":[{"href":"https:\/\/blogdorogeriogomes.com.br\/noticias\/wp-json\/wp\/v2\/posts\/41940","targetHints":{"allow":["GET"]}}],"collection":[{"href":"https:\/\/blogdorogeriogomes.com.br\/noticias\/wp-json\/wp\/v2\/posts"}],"about":[{"href":"https:\/\/blogdorogeriogomes.com.br\/noticias\/wp-json\/wp\/v2\/types\/post"}],"author":[{"embeddable":true,"href":"https:\/\/blogdorogeriogomes.com.br\/noticias\/wp-json\/wp\/v2\/users\/1"}],"replies":[{"embeddable":true,"href":"https:\/\/blogdorogeriogomes.com.br\/noticias\/wp-json\/wp\/v2\/comments?post=41940"}],"version-history":[{"count":1,"href":"https:\/\/blogdorogeriogomes.com.br\/noticias\/wp-json\/wp\/v2\/posts\/41940\/revisions"}],"predecessor-version":[{"id":41942,"href":"https:\/\/blogdorogeriogomes.com.br\/noticias\/wp-json\/wp\/v2\/posts\/41940\/revisions\/41942"}],"wp:featuredmedia":[{"embeddable":true,"href":"https:\/\/blogdorogeriogomes.com.br\/noticias\/wp-json\/wp\/v2\/media\/41941"}],"wp:attachment":[{"href":"https:\/\/blogdorogeriogomes.com.br\/noticias\/wp-json\/wp\/v2\/media?parent=41940"}],"wp:term":[{"taxonomy":"category","embeddable":true,"href":"https:\/\/blogdorogeriogomes.com.br\/noticias\/wp-json\/wp\/v2\/categories?post=41940"},{"taxonomy":"post_tag","embeddable":true,"href":"https:\/\/blogdorogeriogomes.com.br\/noticias\/wp-json\/wp\/v2\/tags?post=41940"}],"curies":[{"name":"wp","href":"https:\/\/api.w.org\/{rel}","templated":true}]}}