{"id":41943,"date":"2026-08-29T01:53:08","date_gmt":"2026-08-29T01:53:08","guid":{"rendered":"https:\/\/blogdorogeriogomes.com.br\/noticias\/?p=41943"},"modified":"2026-08-29T01:53:08","modified_gmt":"2026-08-29T01:53:08","slug":"no-jornal-nacional-flavio-bolsonaro-silencia-sobre-rota-do-dinheiro-recebido-do-banqueiro-daniel-vorcaro-e-defende-ex-pm-miliciano","status":"publish","type":"post","link":"https:\/\/blogdorogeriogomes.com.br\/noticias\/2026\/08\/no-jornal-nacional-flavio-bolsonaro-silencia-sobre-rota-do-dinheiro-recebido-do-banqueiro-daniel-vorcaro-e-defende-ex-pm-miliciano\/","title":{"rendered":"No Jornal Nacional,  Fl\u00e1vio Bolsonaro silencia sobre rota do dinheiro recebido do banqueiro Daniel Vorcaro e defende ex-PM miliciano"},"content":{"rendered":"\n<p class=\"wp-block-paragraph\">O senador e candidato \u00e0 Presid\u00eancia, Fl\u00e1vio Bolsonaro (PL), enfrentou momentos de muita tens\u00e3o nesta sexta-feira, dia 28 de agosto, durante a rodada de sabatinas do Jornal Nacional, da TV Globo, conduzida pelos jornalistas Renata Vasconcellos e C\u00e9sar Tralli. Confrontado sobre o esc\u00e2ndalo financeiro do Banco Master, o parlamentar n\u00e3o detalhou o destino final dos recursos repassados pelo banqueiro Daniel Vorcaro. Al\u00e9m disso, ao ser questionado sobre suas antigas conex\u00f5es pol\u00edticas, o presidenci\u00e1vel refor\u00e7ou sua rela\u00e7\u00e3o com o ex-capit\u00e3o do Bope e miliciano Adriano da N\u00f3brega, classificando-o como um &#8220;policial exemplar&#8221; \u00e0 \u00e9poca das homenagens recebidas na Assembleia Legislativa do Rio de Janeiro. <\/p>\n\n\n\n<p class=\"wp-block-paragraph\">Durante o bloco econ\u00f4mico e de integridade da sabatina, a TV Globo focou nos \u00e1udios e mensagens vazados em que Fl\u00e1vio Bolsonaro intermediou recursos milion\u00e1rios com Daniel Vorcaro para financiar o document\u00e1rio &#8220;Dark Horse&#8221;, que retrata a trajet\u00f3ria de Jair Bolsonaro. Questionado diretamente por C\u00e9sar Tralli sobre o fluxo de caixa, as notas emitidas por seu escrit\u00f3rio de advocacia e os dep\u00f3sitos que somam dezenas de milh\u00f5es de reais, o senador gaguejou e limitou-se a afirmar que a transa\u00e7\u00e3o foi uma &#8220;rela\u00e7\u00e3o privada&#8221; sem dinheiro p\u00fablico. <\/p>\n\n\n\n<p class=\"wp-block-paragraph\">O candidato justificou que &#8220;o filme custou mais do que o patroc\u00ednio de Vorcaro&#8221;, mas n\u00e3o apresentou planilhas nem explicou as transa\u00e7\u00f5es efetuadas por firmas de fachada ligadas ao operador do banqueiro. Sem conseguir justificar o caminho percorrido pelos valores, Fl\u00e1vio mudou de foco e tentou atacar o presidente Luiz In\u00e1cio Lula da Silva.<\/p>\n\n\n\n<p class=\"wp-block-paragraph\">Outro momento cr\u00edtico da entrevista foi quando Renata Vasconcellos resgatou as condecora\u00e7\u00f5es concedidas por Fl\u00e1vio, nos anos de 2003 e 2005, a Adriano da N\u00f3brega, ex-chefe da mil\u00edcia &#8220;Escrit\u00f3rio do Crime&#8221;. A jornalista questionou os motivos para abrigar a m\u00e3e e a esposa do miliciano em cargos de assessoria na Assembleia Legislativa do Rio de Janeiro (Alerj). Fl\u00e1vio Bolsonaro argumentou de forma enf\u00e1tica que, no per\u00edodo das homenagens, N\u00f3brega n\u00e3o possu\u00eda envolvimento conhecido com o crime organizado. &#8220;Na \u00e9poca ele era um policial exemplar que estava preso injustamente&#8221;, alegou.<\/p>\n\n\n\n<p class=\"wp-block-paragraph\">De acordo com o senador, a aproxima\u00e7\u00e3o ocorreu por meio de movimentos de esposas de militares. Ele declarou que a m\u00e3e de Adriano &#8220;trabalhava direitinho, sem problema nenhum&#8221;, minimizando o fato de que a contrata\u00e7\u00e3o de parentes do ex-oficial abasteceu as investiga\u00e7\u00f5es sobre o esquema de &#8220;rachadinhas&#8221;.<\/p>\n\n\n\n<figure class=\"wp-block-image size-large\"><img loading=\"lazy\" decoding=\"async\" width=\"1024\" height=\"683\" src=\"https:\/\/blogdorogeriogomes.com.br\/noticias\/wp-content\/uploads\/2026\/08\/whatsapp-image-2026-08-28-at-21.27.43-1024x683.jpeg\" alt=\"\" class=\"wp-image-41944\" srcset=\"https:\/\/blogdorogeriogomes.com.br\/noticias\/wp-content\/uploads\/2026\/08\/whatsapp-image-2026-08-28-at-21.27.43-1024x683.jpeg 1024w, https:\/\/blogdorogeriogomes.com.br\/noticias\/wp-content\/uploads\/2026\/08\/whatsapp-image-2026-08-28-at-21.27.43-300x200.jpeg 300w, https:\/\/blogdorogeriogomes.com.br\/noticias\/wp-content\/uploads\/2026\/08\/whatsapp-image-2026-08-28-at-21.27.43-768x512.jpeg 768w, https:\/\/blogdorogeriogomes.com.br\/noticias\/wp-content\/uploads\/2026\/08\/whatsapp-image-2026-08-28-at-21.27.43-800x534.jpeg 800w, https:\/\/blogdorogeriogomes.com.br\/noticias\/wp-content\/uploads\/2026\/08\/whatsapp-image-2026-08-28-at-21.27.43.jpeg 1280w\" sizes=\"auto, (max-width: 1024px) 100vw, 1024px\" \/><\/figure>\n","protected":false},"excerpt":{"rendered":"<p>O senador e candidato \u00e0 Presid\u00eancia, Fl\u00e1vio Bolsonaro (PL), enfrentou momentos de muita tens\u00e3o nesta sexta-feira, dia 28 de agosto, durante a rodada de sabatinas do Jornal Nacional, da TV Globo, conduzida pelos jornalistas Renata Vasconcellos e C\u00e9sar Tralli. Confrontado sobre o esc\u00e2ndalo financeiro do Banco Master, o parlamentar n\u00e3o detalhou o destino final dos recursos repassados pelo banqueiro Daniel Vorcaro. Al\u00e9m disso, ao ser questionado sobre suas antigas conex\u00f5es pol\u00edticas, o presidenci\u00e1vel refor\u00e7ou sua rela\u00e7\u00e3o com o ex-capit\u00e3o&hellip;<\/p>\n","protected":false},"author":1,"featured_media":41944,"comment_status":"open","ping_status":"open","sticky":false,"template":"","format":"standard","meta":{"footnotes":""},"categories":[1],"tags":[],"class_list":["post-41943","post","type-post","status-publish","format-standard","has-post-thumbnail","hentry","category-noticias"],"_links":{"self":[{"href":"https:\/\/blogdorogeriogomes.com.br\/noticias\/wp-json\/wp\/v2\/posts\/41943","targetHints":{"allow":["GET"]}}],"collection":[{"href":"https:\/\/blogdorogeriogomes.com.br\/noticias\/wp-json\/wp\/v2\/posts"}],"about":[{"href":"https:\/\/blogdorogeriogomes.com.br\/noticias\/wp-json\/wp\/v2\/types\/post"}],"author":[{"embeddable":true,"href":"https:\/\/blogdorogeriogomes.com.br\/noticias\/wp-json\/wp\/v2\/users\/1"}],"replies":[{"embeddable":true,"href":"https:\/\/blogdorogeriogomes.com.br\/noticias\/wp-json\/wp\/v2\/comments?post=41943"}],"version-history":[{"count":1,"href":"https:\/\/blogdorogeriogomes.com.br\/noticias\/wp-json\/wp\/v2\/posts\/41943\/revisions"}],"predecessor-version":[{"id":41945,"href":"https:\/\/blogdorogeriogomes.com.br\/noticias\/wp-json\/wp\/v2\/posts\/41943\/revisions\/41945"}],"wp:featuredmedia":[{"embeddable":true,"href":"https:\/\/blogdorogeriogomes.com.br\/noticias\/wp-json\/wp\/v2\/media\/41944"}],"wp:attachment":[{"href":"https:\/\/blogdorogeriogomes.com.br\/noticias\/wp-json\/wp\/v2\/media?parent=41943"}],"wp:term":[{"taxonomy":"category","embeddable":true,"href":"https:\/\/blogdorogeriogomes.com.br\/noticias\/wp-json\/wp\/v2\/categories?post=41943"},{"taxonomy":"post_tag","embeddable":true,"href":"https:\/\/blogdorogeriogomes.com.br\/noticias\/wp-json\/wp\/v2\/tags?post=41943"}],"curies":[{"name":"wp","href":"https:\/\/api.w.org\/{rel}","templated":true}]}}