{"id":41949,"date":"2026-08-29T10:29:11","date_gmt":"2026-08-29T10:29:11","guid":{"rendered":"https:\/\/blogdorogeriogomes.com.br\/noticias\/?p=41949"},"modified":"2026-08-29T10:29:12","modified_gmt":"2026-08-29T10:29:12","slug":"lula-contra-ataca-e-convoca-grandes-empresarios-e-banqueiros-para-jantar-em-brasilia-nesta-segunda-feira","status":"publish","type":"post","link":"https:\/\/blogdorogeriogomes.com.br\/noticias\/2026\/08\/lula-contra-ataca-e-convoca-grandes-empresarios-e-banqueiros-para-jantar-em-brasilia-nesta-segunda-feira\/","title":{"rendered":"Lula contra-ataca e convoca grandes empres\u00e1rios e banqueiros para jantar em Bras\u00edlia nesta segunda-feira"},"content":{"rendered":"\n<p class=\"wp-block-paragraph\">O presidente Luiz In\u00e1cio Lula da Silva reunir\u00e1 alguns dos principais nomes do empresariado e do sistema financeiro nacional para um jantar nesta segunda-feira, dia 31 de agosto. O encontro, inicialmente planejado para o Pal\u00e1cio da Alvorada, vem sendo tratado pelos bastidores da campanha \u00e0 reelei\u00e7\u00e3o como um movimento estrat\u00e9gico e uma demonstra\u00e7\u00e3o de for\u00e7a pol\u00edtica junto aos principais detentores do chamado &#8220;PIB brasileiro&#8221;.<\/p>\n\n\n\n<p class=\"wp-block-paragraph\">A convoca\u00e7\u00e3o da equipe presidencial ocorreu na noite da \u00faltima sexta-feira, dia 28, em uma rea\u00e7\u00e3o direta ao mal-estar gerado na c\u00fapula governista ap\u00f3s um grupo de banqueiros da &#8220;Faria Lima&#8221; se reunir, na noite anterior, com o senador Fl\u00e1vio Bolsonaro (PL), principal candidato da oposi\u00e7\u00e3o \u00e0 Presid\u00eancia. <\/p>\n\n\n\n<p class=\"wp-block-paragraph\">O jantar de segunda-feira \u00e9 apresentado oficialmente como um encontro com \u201cl\u00edderes setoriais\u201d e busca abrir um canal direto para que Lula apresente sua vis\u00e3o de desenvolvimento do pa\u00eds e prepondere sobre as cr\u00edticas ao expansionismo fiscal. Entre os principais nomes convidados para o encontro est\u00e3o: Andr\u00e9 Esteves (BTG Pactual), Milton Maluhy (presidente do Ita\u00fa Unibanco), Luiz Carlos Trabuco (presidente do Conselho de Administra\u00e7\u00e3o do Bradesco), Joesley Batista (grupo J&amp;F) e Jos\u00e9 Seripieri Filho (empres\u00e1rio do setor de sa\u00fade).<\/p>\n\n\n\n<p class=\"wp-block-paragraph\">Apesar do planejamento original indicar o Pal\u00e1cio da Alvorada como sede, a equipe de campanha de Lula passou a avaliar um local alternativo em Bras\u00edlia. O objetivo da mudan\u00e7a preventiva \u00e9 evitar eventuais contesta\u00e7\u00f5es e representa\u00e7\u00f5es por parte de partidos advers\u00e1rios junto \u00e0 Justi\u00e7a Eleitoral sob acusa\u00e7\u00e3o de uso irregular de pr\u00e9dio p\u00fablico oficial para agendas de campanha eleitoral.<\/p>\n\n\n\n<figure class=\"wp-block-image size-full\"><img loading=\"lazy\" decoding=\"async\" width=\"800\" height=\"521\" src=\"https:\/\/blogdorogeriogomes.com.br\/noticias\/wp-content\/uploads\/2026\/08\/55476597832_0e8034766b_o.jpg\" alt=\"\" class=\"wp-image-41950\" srcset=\"https:\/\/blogdorogeriogomes.com.br\/noticias\/wp-content\/uploads\/2026\/08\/55476597832_0e8034766b_o.jpg 800w, https:\/\/blogdorogeriogomes.com.br\/noticias\/wp-content\/uploads\/2026\/08\/55476597832_0e8034766b_o-300x195.jpg 300w, https:\/\/blogdorogeriogomes.com.br\/noticias\/wp-content\/uploads\/2026\/08\/55476597832_0e8034766b_o-768x500.jpg 768w\" sizes=\"auto, (max-width: 800px) 100vw, 800px\" \/><\/figure>\n","protected":false},"excerpt":{"rendered":"<p>O presidente Luiz In\u00e1cio Lula da Silva reunir\u00e1 alguns dos principais nomes do empresariado e do sistema financeiro nacional para um jantar nesta segunda-feira, dia 31 de agosto. O encontro, inicialmente planejado para o Pal\u00e1cio da Alvorada, vem sendo tratado pelos bastidores da campanha \u00e0 reelei\u00e7\u00e3o como um movimento estrat\u00e9gico e uma demonstra\u00e7\u00e3o de for\u00e7a pol\u00edtica junto aos principais detentores do chamado &#8220;PIB brasileiro&#8221;. A convoca\u00e7\u00e3o da equipe presidencial ocorreu na noite da \u00faltima sexta-feira, dia 28, em uma&hellip;<\/p>\n","protected":false},"author":1,"featured_media":41950,"comment_status":"open","ping_status":"open","sticky":false,"template":"","format":"standard","meta":{"footnotes":""},"categories":[1],"tags":[],"class_list":["post-41949","post","type-post","status-publish","format-standard","has-post-thumbnail","hentry","category-noticias"],"_links":{"self":[{"href":"https:\/\/blogdorogeriogomes.com.br\/noticias\/wp-json\/wp\/v2\/posts\/41949","targetHints":{"allow":["GET"]}}],"collection":[{"href":"https:\/\/blogdorogeriogomes.com.br\/noticias\/wp-json\/wp\/v2\/posts"}],"about":[{"href":"https:\/\/blogdorogeriogomes.com.br\/noticias\/wp-json\/wp\/v2\/types\/post"}],"author":[{"embeddable":true,"href":"https:\/\/blogdorogeriogomes.com.br\/noticias\/wp-json\/wp\/v2\/users\/1"}],"replies":[{"embeddable":true,"href":"https:\/\/blogdorogeriogomes.com.br\/noticias\/wp-json\/wp\/v2\/comments?post=41949"}],"version-history":[{"count":1,"href":"https:\/\/blogdorogeriogomes.com.br\/noticias\/wp-json\/wp\/v2\/posts\/41949\/revisions"}],"predecessor-version":[{"id":41951,"href":"https:\/\/blogdorogeriogomes.com.br\/noticias\/wp-json\/wp\/v2\/posts\/41949\/revisions\/41951"}],"wp:featuredmedia":[{"embeddable":true,"href":"https:\/\/blogdorogeriogomes.com.br\/noticias\/wp-json\/wp\/v2\/media\/41950"}],"wp:attachment":[{"href":"https:\/\/blogdorogeriogomes.com.br\/noticias\/wp-json\/wp\/v2\/media?parent=41949"}],"wp:term":[{"taxonomy":"category","embeddable":true,"href":"https:\/\/blogdorogeriogomes.com.br\/noticias\/wp-json\/wp\/v2\/categories?post=41949"},{"taxonomy":"post_tag","embeddable":true,"href":"https:\/\/blogdorogeriogomes.com.br\/noticias\/wp-json\/wp\/v2\/tags?post=41949"}],"curies":[{"name":"wp","href":"https:\/\/api.w.org\/{rel}","templated":true}]}}