{"id":41952,"date":"2026-08-29T10:50:29","date_gmt":"2026-08-29T10:50:29","guid":{"rendered":"https:\/\/blogdorogeriogomes.com.br\/noticias\/?p=41952"},"modified":"2026-08-29T10:51:02","modified_gmt":"2026-08-29T10:51:02","slug":"agenda-de-elmano-de-freitas-foca-no-interior-e-ciro-mobiliza-capital-e-zona-norte-neste-sabado","status":"publish","type":"post","link":"https:\/\/blogdorogeriogomes.com.br\/noticias\/2026\/08\/agenda-de-elmano-de-freitas-foca-no-interior-e-ciro-mobiliza-capital-e-zona-norte-neste-sabado\/","title":{"rendered":"Agenda de Elmano de Freitas foca no Interior e Ciro Gomes mobiliza Capital e Zona Norte neste s\u00e1bado"},"content":{"rendered":"\n<p class=\"wp-block-paragraph\">Os principais candidatos ao Governo do Cear\u00e1, o atual governador Elmano de Freitas (PT) e o ex-ministro Ciro Gomes (PSDB), intensificam as suas atividades de campanha neste s\u00e1bado, dia 29 de agosto. Ap\u00f3s as trocas de acusa\u00e7\u00f5es no \u00faltimo debate na TV e no hor\u00e1rio eleitoral, as estrat\u00e9gias do dia dividem os l\u00edderes pol\u00edticos entre a Regi\u00e3o Metropolitana, a Zona Norte e o Vale do Jaguaribe.<\/p>\n\n\n\n<p class=\"wp-block-paragraph\">Elmano de Freitas, do PT, busca consolidar o apoio de lideran\u00e7as municipais e com foco na reelei\u00e7\u00e3o. O governador concentrar\u00e1 as suas a\u00e7\u00f5es no interior do estado. A agenda come\u00e7a por Russas com uma caminhada que ter\u00e1 a participa\u00e7\u00e3o do prefeito S\u00e1vio Gurgel. Ainda em Russas, Elmano faz um encontro estrat\u00e9gico com prefeitos, vice-prefeitos e vereadores do Vale do Jaguaribe. O governador vai ainda a Quixel\u00f4 para uma caminhada e ter\u00e1  uma ato p\u00fablico em Ic\u00f3, concentrado no Bal\u00e3o da Rodovi\u00e1ria.<\/p>\n\n\n\n<p class=\"wp-block-paragraph\">O candidato do PSDB, Ciro Gomes, aposta no corpo a corpo comercial pela manh\u00e3 em Fortaleza e avan\u00e7a rumo ao norte do Cear\u00e1 no fim do dia. Faz caminhada voltada ao com\u00e9rcio no Centro da capital, com concentra\u00e7\u00e3o inicial na Pra\u00e7a Jos\u00e9 de Alencar. Depois segue para Itapipoca, onde inaugura comit\u00ea de campanha aliado e segue para a tradicional feira agropecu\u00e1ria do munic\u00edpio, a Expoita 2026.<\/p>\n\n\n\n<figure class=\"wp-block-image size-full\"><img loading=\"lazy\" decoding=\"async\" width=\"768\" height=\"512\" src=\"https:\/\/blogdorogeriogomes.com.br\/noticias\/wp-content\/uploads\/2026\/08\/WhatsApp-Image-2026-08-29-at-01.49.34-768x512-1.jpeg\" alt=\"\" class=\"wp-image-41953\" srcset=\"https:\/\/blogdorogeriogomes.com.br\/noticias\/wp-content\/uploads\/2026\/08\/WhatsApp-Image-2026-08-29-at-01.49.34-768x512-1.jpeg 768w, https:\/\/blogdorogeriogomes.com.br\/noticias\/wp-content\/uploads\/2026\/08\/WhatsApp-Image-2026-08-29-at-01.49.34-768x512-1-300x200.jpeg 300w\" sizes=\"auto, (max-width: 768px) 100vw, 768px\" \/><\/figure>\n\n\n\n<figure class=\"wp-block-image size-large\"><img loading=\"lazy\" decoding=\"async\" width=\"822\" height=\"1024\" src=\"https:\/\/blogdorogeriogomes.com.br\/noticias\/wp-content\/uploads\/2026\/08\/IMG-20260829-WA0018-822x1024.jpg\" alt=\"\" class=\"wp-image-41954\" srcset=\"https:\/\/blogdorogeriogomes.com.br\/noticias\/wp-content\/uploads\/2026\/08\/IMG-20260829-WA0018-822x1024.jpg 822w, https:\/\/blogdorogeriogomes.com.br\/noticias\/wp-content\/uploads\/2026\/08\/IMG-20260829-WA0018-241x300.jpg 241w, https:\/\/blogdorogeriogomes.com.br\/noticias\/wp-content\/uploads\/2026\/08\/IMG-20260829-WA0018-768x957.jpg 768w, https:\/\/blogdorogeriogomes.com.br\/noticias\/wp-content\/uploads\/2026\/08\/IMG-20260829-WA0018-1233x1536.jpg 1233w, https:\/\/blogdorogeriogomes.com.br\/noticias\/wp-content\/uploads\/2026\/08\/IMG-20260829-WA0018-800x997.jpg 800w, https:\/\/blogdorogeriogomes.com.br\/noticias\/wp-content\/uploads\/2026\/08\/IMG-20260829-WA0018.jpg 1284w\" sizes=\"auto, (max-width: 822px) 100vw, 822px\" \/><\/figure>\n","protected":false},"excerpt":{"rendered":"<p>Os principais candidatos ao Governo do Cear\u00e1, o atual governador Elmano de Freitas (PT) e o ex-ministro Ciro Gomes (PSDB), intensificam as suas atividades de campanha neste s\u00e1bado, dia 29 de agosto. Ap\u00f3s as trocas de acusa\u00e7\u00f5es no \u00faltimo debate na TV e no hor\u00e1rio eleitoral, as estrat\u00e9gias do dia dividem os l\u00edderes pol\u00edticos entre a Regi\u00e3o Metropolitana, a Zona Norte e o Vale do Jaguaribe. Elmano de Freitas, do PT, busca consolidar o apoio de lideran\u00e7as municipais e&hellip;<\/p>\n","protected":false},"author":1,"featured_media":41953,"comment_status":"open","ping_status":"open","sticky":false,"template":"","format":"standard","meta":{"footnotes":""},"categories":[1],"tags":[],"class_list":["post-41952","post","type-post","status-publish","format-standard","has-post-thumbnail","hentry","category-noticias"],"_links":{"self":[{"href":"https:\/\/blogdorogeriogomes.com.br\/noticias\/wp-json\/wp\/v2\/posts\/41952","targetHints":{"allow":["GET"]}}],"collection":[{"href":"https:\/\/blogdorogeriogomes.com.br\/noticias\/wp-json\/wp\/v2\/posts"}],"about":[{"href":"https:\/\/blogdorogeriogomes.com.br\/noticias\/wp-json\/wp\/v2\/types\/post"}],"author":[{"embeddable":true,"href":"https:\/\/blogdorogeriogomes.com.br\/noticias\/wp-json\/wp\/v2\/users\/1"}],"replies":[{"embeddable":true,"href":"https:\/\/blogdorogeriogomes.com.br\/noticias\/wp-json\/wp\/v2\/comments?post=41952"}],"version-history":[{"count":2,"href":"https:\/\/blogdorogeriogomes.com.br\/noticias\/wp-json\/wp\/v2\/posts\/41952\/revisions"}],"predecessor-version":[{"id":41956,"href":"https:\/\/blogdorogeriogomes.com.br\/noticias\/wp-json\/wp\/v2\/posts\/41952\/revisions\/41956"}],"wp:featuredmedia":[{"embeddable":true,"href":"https:\/\/blogdorogeriogomes.com.br\/noticias\/wp-json\/wp\/v2\/media\/41953"}],"wp:attachment":[{"href":"https:\/\/blogdorogeriogomes.com.br\/noticias\/wp-json\/wp\/v2\/media?parent=41952"}],"wp:term":[{"taxonomy":"category","embeddable":true,"href":"https:\/\/blogdorogeriogomes.com.br\/noticias\/wp-json\/wp\/v2\/categories?post=41952"},{"taxonomy":"post_tag","embeddable":true,"href":"https:\/\/blogdorogeriogomes.com.br\/noticias\/wp-json\/wp\/v2\/tags?post=41952"}],"curies":[{"name":"wp","href":"https:\/\/api.w.org\/{rel}","templated":true}]}}