{"id":41957,"date":"2026-08-30T11:21:06","date_gmt":"2026-08-30T11:21:06","guid":{"rendered":"https:\/\/blogdorogeriogomes.com.br\/noticias\/?p=41957"},"modified":"2026-08-30T11:21:06","modified_gmt":"2026-08-30T11:21:06","slug":"em-russas-e-ico-elmano-de-freitas-destaca-importancia-da-parceria-com-prefeitos-neste-domingo-governador-faz-campanha-em-maranguape-e-itapipoca","status":"publish","type":"post","link":"https:\/\/blogdorogeriogomes.com.br\/noticias\/2026\/08\/em-russas-e-ico-elmano-de-freitas-destaca-importancia-da-parceria-com-prefeitos-neste-domingo-governador-faz-campanha-em-maranguape-e-itapipoca\/","title":{"rendered":"Em Russas e Ic\u00f3, Elmano de Freitas destaca import\u00e2ncia da parceria com prefeitos. Neste domingo, governador faz campanha em Maranguape e Itapipoca"},"content":{"rendered":"\n<p class=\"wp-block-paragraph\">O governador Elmano de Freitas (PT) enfatizou a parceria com os prefeitos no s\u00e1bado de campanha, dia 29 de agosto, onde visitou os munic\u00edpios de Russas, Quixel\u00f4 e Ic\u00f3.  Acompanhado dos candidatos ao Senado, Cid Gomes (PSB) e Luizianne Lins (PT), Elmano realizou encontro com prefeitos\u00a0da regi\u00e3o do Vale do Jaguaribe. \u201cA coisa que mais agrade\u00e7o foram as conversas que tive com todos os prefeitos. Acertamos muito mais quando nos sentamos com os prefeitos e sabemos as necessidades para cada povo. Tenho muito orgulho de governar ao lado de prefeitos e prefeitas\u201d, salientou o candidato ao Pal\u00e1cio da Aboli\u00e7\u00e3o. <\/p>\n\n\n\n<p class=\"wp-block-paragraph\">Neste domingo, dia 30, Elmano participa de uma carreata em Maranguape, na Regi\u00e3o Metropolitana de Fortaleza, e segue \u00e0 tarde para Itapipoca, onde visita a Exposi\u00e7\u00e3o Agropecu\u00e1ria de Itapipoca, a Expoita. L\u00e1, participa de uma caminhada com o prefeito Felipe Pinheiro (PT) e a primeira-dama Liziany Medeiros, que \u00e9 candidata a deputada estadual. <\/p>\n\n\n\n<figure class=\"wp-block-image size-large\"><img loading=\"lazy\" decoding=\"async\" width=\"769\" height=\"1024\" src=\"https:\/\/blogdorogeriogomes.com.br\/noticias\/wp-content\/uploads\/2026\/08\/IMG-20260830-WA0015-769x1024.jpg\" alt=\"\" class=\"wp-image-41958\" srcset=\"https:\/\/blogdorogeriogomes.com.br\/noticias\/wp-content\/uploads\/2026\/08\/IMG-20260830-WA0015-769x1024.jpg 769w, https:\/\/blogdorogeriogomes.com.br\/noticias\/wp-content\/uploads\/2026\/08\/IMG-20260830-WA0015-225x300.jpg 225w, https:\/\/blogdorogeriogomes.com.br\/noticias\/wp-content\/uploads\/2026\/08\/IMG-20260830-WA0015-768x1023.jpg 768w, https:\/\/blogdorogeriogomes.com.br\/noticias\/wp-content\/uploads\/2026\/08\/IMG-20260830-WA0015-800x1065.jpg 800w, https:\/\/blogdorogeriogomes.com.br\/noticias\/wp-content\/uploads\/2026\/08\/IMG-20260830-WA0015.jpg 1080w\" sizes=\"auto, (max-width: 769px) 100vw, 769px\" \/><\/figure>\n","protected":false},"excerpt":{"rendered":"<p>O governador Elmano de Freitas (PT) enfatizou a parceria com os prefeitos no s\u00e1bado de campanha, dia 29 de agosto, onde visitou os munic\u00edpios de Russas, Quixel\u00f4 e Ic\u00f3. Acompanhado dos candidatos ao Senado, Cid Gomes (PSB) e Luizianne Lins (PT), Elmano realizou encontro com prefeitos\u00a0da regi\u00e3o do Vale do Jaguaribe. \u201cA coisa que mais agrade\u00e7o foram as conversas que tive com todos os prefeitos. Acertamos muito mais quando nos sentamos com os prefeitos e sabemos as necessidades para&hellip;<\/p>\n","protected":false},"author":1,"featured_media":41958,"comment_status":"open","ping_status":"open","sticky":false,"template":"","format":"standard","meta":{"footnotes":""},"categories":[1],"tags":[],"class_list":["post-41957","post","type-post","status-publish","format-standard","has-post-thumbnail","hentry","category-noticias"],"_links":{"self":[{"href":"https:\/\/blogdorogeriogomes.com.br\/noticias\/wp-json\/wp\/v2\/posts\/41957","targetHints":{"allow":["GET"]}}],"collection":[{"href":"https:\/\/blogdorogeriogomes.com.br\/noticias\/wp-json\/wp\/v2\/posts"}],"about":[{"href":"https:\/\/blogdorogeriogomes.com.br\/noticias\/wp-json\/wp\/v2\/types\/post"}],"author":[{"embeddable":true,"href":"https:\/\/blogdorogeriogomes.com.br\/noticias\/wp-json\/wp\/v2\/users\/1"}],"replies":[{"embeddable":true,"href":"https:\/\/blogdorogeriogomes.com.br\/noticias\/wp-json\/wp\/v2\/comments?post=41957"}],"version-history":[{"count":1,"href":"https:\/\/blogdorogeriogomes.com.br\/noticias\/wp-json\/wp\/v2\/posts\/41957\/revisions"}],"predecessor-version":[{"id":41959,"href":"https:\/\/blogdorogeriogomes.com.br\/noticias\/wp-json\/wp\/v2\/posts\/41957\/revisions\/41959"}],"wp:featuredmedia":[{"embeddable":true,"href":"https:\/\/blogdorogeriogomes.com.br\/noticias\/wp-json\/wp\/v2\/media\/41958"}],"wp:attachment":[{"href":"https:\/\/blogdorogeriogomes.com.br\/noticias\/wp-json\/wp\/v2\/media?parent=41957"}],"wp:term":[{"taxonomy":"category","embeddable":true,"href":"https:\/\/blogdorogeriogomes.com.br\/noticias\/wp-json\/wp\/v2\/categories?post=41957"},{"taxonomy":"post_tag","embeddable":true,"href":"https:\/\/blogdorogeriogomes.com.br\/noticias\/wp-json\/wp\/v2\/tags?post=41957"}],"curies":[{"name":"wp","href":"https:\/\/api.w.org\/{rel}","templated":true}]}}