{"id":41963,"date":"2026-08-30T12:06:15","date_gmt":"2026-08-30T12:06:15","guid":{"rendered":"https:\/\/blogdorogeriogomes.com.br\/noticias\/?p=41963"},"modified":"2026-08-30T12:06:15","modified_gmt":"2026-08-30T12:06:15","slug":"pablo-marcal-e-augusto-cury-articulam-alianca-nos-bastidores-da-eleicao-presidencial-apos-ascensao-explosiva-do-candidato-do-avante-na-web","status":"publish","type":"post","link":"https:\/\/blogdorogeriogomes.com.br\/noticias\/2026\/08\/pablo-marcal-e-augusto-cury-articulam-alianca-nos-bastidores-da-eleicao-presidencial-apos-ascensao-explosiva-do-candidato-do-avante-na-web\/","title":{"rendered":"Pablo Mar\u00e7al e Augusto Cury articulam alian\u00e7a nos bastidores da elei\u00e7\u00e3o presidencial ap\u00f3s ascens\u00e3o explosiva do candidato do Avante na web"},"content":{"rendered":"\n<p class=\"wp-block-paragraph\">Os bastidores da corrida presidencial foram sacudidos neste fim de semana por intensas articula\u00e7\u00f5es pol\u00edticas envolvendo Pablo Mar\u00e7al, atualmente ineleg\u00edvel pela Justi\u00e7a Eleitoral, e o candidato do Avante \u00e0 presid\u00eancia da Rep\u00fablica, o escritor Augusto Cury. A aproxima\u00e7\u00e3o ocorre em um momento cr\u00edtico, logo ap\u00f3s a surpreendente performance digital de Cury, que virou alvo de suspeitas e debates acalorados no cen\u00e1rio pol\u00edtico nacional.<\/p>\n\n\n\n<p class=\"wp-block-paragraph\">O ponto de inflex\u00e3o da campanha do Avante ocorreu ap\u00f3s o primeiro debate presidencial, transmitido pela Band. Augusto Cury registrou um crescimento considerado &#8220;fora da curva&#8221; e altamente acentuado em suas redes sociais, impulsionado por uma enxurrada de cortes de suas falas.<\/p>\n\n\n\n<p class=\"wp-block-paragraph\">A velocidade e o volume desse engajamento, no entanto, acenderam o alerta de especialistas e colunistas pol\u00edticos. J\u00e1 existem fortes suspeitas e monitoramentos em andamento sobre o suposto uso de redes de rob\u00f4s (bots) para inflar artificialmente o alcance e o impulsionamento dos conte\u00fados do candidato nas plataformas digitais.<\/p>\n\n\n\n<p class=\"wp-block-paragraph\">Aproveitando o v\u00e1cuo de lideran\u00e7a e o forte apelo digital de Cury, Pablo Mar\u00e7al iniciou movimentos para se aproximar do Avante. Mesmo impedido de disputar as elei\u00e7\u00f5es por decis\u00e3o judicial, Mar\u00e7al mant\u00e9m um capital pol\u00edtico relevante e uma m\u00e1quina de engajamento digital cobi\u00e7ada.<\/p>\n\n\n\n<p class=\"wp-block-paragraph\">A articula\u00e7\u00e3o pol\u00edtica entre os dois indica uma tentativa de Mar\u00e7al de atuar como um &#8220;conselheiro estrat\u00e9gico&#8221; ou padrinho digital da candidatura de Cury, transferindo sua expertise em algoritmos e cortes virais, ao mesmo tempo em que tenta manter sua influ\u00eancia viva para os pr\u00f3ximos pleitos. O Avante, por sua vez, v\u00ea na alian\u00e7a a chance de consolidar o voto antipol\u00edtica e o eleitorado focado em desenvolvimento pessoal e marketing digital.<\/p>\n\n\n\n<p class=\"wp-block-paragraph\">Neste s\u00e1bado, dia 29 de agosto, Augusto Cury voltou a ser o centro das aten\u00e7\u00f5es durante sua participa\u00e7\u00e3o na sabatina da TV Globo. O candidato do Avante se destacou ao apresentar um pacote de propostas heterodoxas, classificadas por advers\u00e1rios como mirabolantes, para temas complexos da agenda nacional. Propostas como combater feminic\u00eddio com uso de drones para avisar quando a mulher sofrer viol\u00eancia dom\u00e9stica; reduzir a d\u00edvida p\u00fablica de 82% para 2% do PIB, demonstrando completa falta de no\u00e7\u00e3o sobre macroeconomia e or\u00e7amento p\u00fablico, uma vez que um ajuste dessa magnitude em um mandato \u00e9 considerado matematicamente invi\u00e1vel; e substituir servidores p\u00fablicos demitidos por Intelig\u00eancia Artificial (IA).<\/p>\n\n\n\n<figure class=\"wp-block-image size-large\"><img loading=\"lazy\" decoding=\"async\" width=\"1024\" height=\"977\" src=\"https:\/\/blogdorogeriogomes.com.br\/noticias\/wp-content\/uploads\/2026\/08\/images-14-1024x977.jpeg\" alt=\"\" class=\"wp-image-41964\" srcset=\"https:\/\/blogdorogeriogomes.com.br\/noticias\/wp-content\/uploads\/2026\/08\/images-14-1024x977.jpeg 1024w, https:\/\/blogdorogeriogomes.com.br\/noticias\/wp-content\/uploads\/2026\/08\/images-14-300x286.jpeg 300w, https:\/\/blogdorogeriogomes.com.br\/noticias\/wp-content\/uploads\/2026\/08\/images-14-768x733.jpeg 768w, https:\/\/blogdorogeriogomes.com.br\/noticias\/wp-content\/uploads\/2026\/08\/images-14-1536x1466.jpeg 1536w, https:\/\/blogdorogeriogomes.com.br\/noticias\/wp-content\/uploads\/2026\/08\/images-14-800x763.jpeg 800w, https:\/\/blogdorogeriogomes.com.br\/noticias\/wp-content\/uploads\/2026\/08\/images-14.jpeg 1656w\" sizes=\"auto, (max-width: 1024px) 100vw, 1024px\" \/><\/figure>\n","protected":false},"excerpt":{"rendered":"<p>Os bastidores da corrida presidencial foram sacudidos neste fim de semana por intensas articula\u00e7\u00f5es pol\u00edticas envolvendo Pablo Mar\u00e7al, atualmente ineleg\u00edvel pela Justi\u00e7a Eleitoral, e o candidato do Avante \u00e0 presid\u00eancia da Rep\u00fablica, o escritor Augusto Cury. A aproxima\u00e7\u00e3o ocorre em um momento cr\u00edtico, logo ap\u00f3s a surpreendente performance digital de Cury, que virou alvo de suspeitas e debates acalorados no cen\u00e1rio pol\u00edtico nacional. O ponto de inflex\u00e3o da campanha do Avante ocorreu ap\u00f3s o primeiro debate presidencial, transmitido pela&hellip;<\/p>\n","protected":false},"author":1,"featured_media":41964,"comment_status":"open","ping_status":"open","sticky":false,"template":"","format":"standard","meta":{"footnotes":""},"categories":[1],"tags":[],"class_list":["post-41963","post","type-post","status-publish","format-standard","has-post-thumbnail","hentry","category-noticias"],"_links":{"self":[{"href":"https:\/\/blogdorogeriogomes.com.br\/noticias\/wp-json\/wp\/v2\/posts\/41963","targetHints":{"allow":["GET"]}}],"collection":[{"href":"https:\/\/blogdorogeriogomes.com.br\/noticias\/wp-json\/wp\/v2\/posts"}],"about":[{"href":"https:\/\/blogdorogeriogomes.com.br\/noticias\/wp-json\/wp\/v2\/types\/post"}],"author":[{"embeddable":true,"href":"https:\/\/blogdorogeriogomes.com.br\/noticias\/wp-json\/wp\/v2\/users\/1"}],"replies":[{"embeddable":true,"href":"https:\/\/blogdorogeriogomes.com.br\/noticias\/wp-json\/wp\/v2\/comments?post=41963"}],"version-history":[{"count":1,"href":"https:\/\/blogdorogeriogomes.com.br\/noticias\/wp-json\/wp\/v2\/posts\/41963\/revisions"}],"predecessor-version":[{"id":41965,"href":"https:\/\/blogdorogeriogomes.com.br\/noticias\/wp-json\/wp\/v2\/posts\/41963\/revisions\/41965"}],"wp:featuredmedia":[{"embeddable":true,"href":"https:\/\/blogdorogeriogomes.com.br\/noticias\/wp-json\/wp\/v2\/media\/41964"}],"wp:attachment":[{"href":"https:\/\/blogdorogeriogomes.com.br\/noticias\/wp-json\/wp\/v2\/media?parent=41963"}],"wp:term":[{"taxonomy":"category","embeddable":true,"href":"https:\/\/blogdorogeriogomes.com.br\/noticias\/wp-json\/wp\/v2\/categories?post=41963"},{"taxonomy":"post_tag","embeddable":true,"href":"https:\/\/blogdorogeriogomes.com.br\/noticias\/wp-json\/wp\/v2\/tags?post=41963"}],"curies":[{"name":"wp","href":"https:\/\/api.w.org\/{rel}","templated":true}]}}