{"id":41966,"date":"2026-08-31T11:49:56","date_gmt":"2026-08-31T11:49:56","guid":{"rendered":"https:\/\/blogdorogeriogomes.com.br\/noticias\/?p=41966"},"modified":"2026-08-31T12:39:40","modified_gmt":"2026-08-31T12:39:40","slug":"quatro-pesquisas-eleitorais-para-o-governo-do-ceara-serao-divulgadas-esta-semana-o-que-deve-esquentar-ainda-mais-a-campanha","status":"publish","type":"post","link":"https:\/\/blogdorogeriogomes.com.br\/noticias\/2026\/08\/quatro-pesquisas-eleitorais-para-o-governo-do-ceara-serao-divulgadas-esta-semana-o-que-deve-esquentar-ainda-mais-a-campanha\/","title":{"rendered":"Quatro pesquisas eleitorais para o Governo do Cear\u00e1 ser\u00e3o divulgadas esta semana, o que deve esquentar ainda mais a campanha"},"content":{"rendered":"\n<p class=\"wp-block-paragraph\">A campanha eleitoral nas ruas do Cear\u00e1 completa duas semanas e, a partir desta segunda-feira, dia 31 de agosto, os partidos, candidatos e eleitores ter\u00e3o o primeiro term\u00f4metro real do impacto das caminhadas, com\u00edcios e inser\u00e7\u00f5es de r\u00e1dio e TV. Quatro novas pesquisas de inten\u00e7\u00e3o de voto para o Governo do Cear\u00e1 ser\u00e3o divulgadas ao longo da semana, desenhando o primeiro mapa detalhado da disputa de 2026 ap\u00f3s o in\u00edcio oficial da propaganda TRE-CE.<\/p>\n\n\n\n<p class=\"wp-block-paragraph\">O retrato das pesquisas deve esquentar ainda mais o embate entre os dois principais candidatos na disputa: Elmano de Freitas (PT) e Ciro Gomes (PSDB). Devem divulgar resultados para a disputa ao Governo do Estado os institutos Datafolha, AtlasIntel e Verit\u00e1, na quinta-feira, dia 3 de setembro, e Quaest, na sexta-feira, dia 4.<\/p>\n\n\n\n<figure class=\"wp-block-image size-full\"><img loading=\"lazy\" decoding=\"async\" width=\"956\" height=\"500\" src=\"https:\/\/blogdorogeriogomes.com.br\/noticias\/wp-content\/uploads\/2026\/08\/pessoa-votando-em-urna-eletronica-1651087761984_v2_956x500.jpg\" alt=\"\" class=\"wp-image-41967\" srcset=\"https:\/\/blogdorogeriogomes.com.br\/noticias\/wp-content\/uploads\/2026\/08\/pessoa-votando-em-urna-eletronica-1651087761984_v2_956x500.jpg 956w, https:\/\/blogdorogeriogomes.com.br\/noticias\/wp-content\/uploads\/2026\/08\/pessoa-votando-em-urna-eletronica-1651087761984_v2_956x500-300x157.jpg 300w, https:\/\/blogdorogeriogomes.com.br\/noticias\/wp-content\/uploads\/2026\/08\/pessoa-votando-em-urna-eletronica-1651087761984_v2_956x500-768x402.jpg 768w, https:\/\/blogdorogeriogomes.com.br\/noticias\/wp-content\/uploads\/2026\/08\/pessoa-votando-em-urna-eletronica-1651087761984_v2_956x500-800x418.jpg 800w\" sizes=\"auto, (max-width: 956px) 100vw, 956px\" \/><\/figure>\n","protected":false},"excerpt":{"rendered":"<p>A campanha eleitoral nas ruas do Cear\u00e1 completa duas semanas e, a partir desta segunda-feira, dia 31 de agosto, os partidos, candidatos e eleitores ter\u00e3o o primeiro term\u00f4metro real do impacto das caminhadas, com\u00edcios e inser\u00e7\u00f5es de r\u00e1dio e TV. Quatro novas pesquisas de inten\u00e7\u00e3o de voto para o Governo do Cear\u00e1 ser\u00e3o divulgadas ao longo da semana, desenhando o primeiro mapa detalhado da disputa de 2026 ap\u00f3s o in\u00edcio oficial da propaganda TRE-CE. O retrato das pesquisas deve&hellip;<\/p>\n","protected":false},"author":1,"featured_media":41967,"comment_status":"open","ping_status":"open","sticky":false,"template":"","format":"standard","meta":{"footnotes":""},"categories":[1],"tags":[],"class_list":["post-41966","post","type-post","status-publish","format-standard","has-post-thumbnail","hentry","category-noticias"],"_links":{"self":[{"href":"https:\/\/blogdorogeriogomes.com.br\/noticias\/wp-json\/wp\/v2\/posts\/41966","targetHints":{"allow":["GET"]}}],"collection":[{"href":"https:\/\/blogdorogeriogomes.com.br\/noticias\/wp-json\/wp\/v2\/posts"}],"about":[{"href":"https:\/\/blogdorogeriogomes.com.br\/noticias\/wp-json\/wp\/v2\/types\/post"}],"author":[{"embeddable":true,"href":"https:\/\/blogdorogeriogomes.com.br\/noticias\/wp-json\/wp\/v2\/users\/1"}],"replies":[{"embeddable":true,"href":"https:\/\/blogdorogeriogomes.com.br\/noticias\/wp-json\/wp\/v2\/comments?post=41966"}],"version-history":[{"count":2,"href":"https:\/\/blogdorogeriogomes.com.br\/noticias\/wp-json\/wp\/v2\/posts\/41966\/revisions"}],"predecessor-version":[{"id":41976,"href":"https:\/\/blogdorogeriogomes.com.br\/noticias\/wp-json\/wp\/v2\/posts\/41966\/revisions\/41976"}],"wp:featuredmedia":[{"embeddable":true,"href":"https:\/\/blogdorogeriogomes.com.br\/noticias\/wp-json\/wp\/v2\/media\/41967"}],"wp:attachment":[{"href":"https:\/\/blogdorogeriogomes.com.br\/noticias\/wp-json\/wp\/v2\/media?parent=41966"}],"wp:term":[{"taxonomy":"category","embeddable":true,"href":"https:\/\/blogdorogeriogomes.com.br\/noticias\/wp-json\/wp\/v2\/categories?post=41966"},{"taxonomy":"post_tag","embeddable":true,"href":"https:\/\/blogdorogeriogomes.com.br\/noticias\/wp-json\/wp\/v2\/tags?post=41966"}],"curies":[{"name":"wp","href":"https:\/\/api.w.org\/{rel}","templated":true}]}}