{"id":41969,"date":"2026-08-31T12:10:24","date_gmt":"2026-08-31T12:10:24","guid":{"rendered":"https:\/\/blogdorogeriogomes.com.br\/noticias\/?p=41969"},"modified":"2026-08-31T12:12:56","modified_gmt":"2026-08-31T12:12:56","slug":"em-nova-pesquisa-btg-nexus-lula-continua-na-lideranca-e-augusto-cury-assume-a-terceira-posicao-com-11","status":"publish","type":"post","link":"https:\/\/blogdorogeriogomes.com.br\/noticias\/2026\/08\/em-nova-pesquisa-btg-nexus-lula-continua-na-lideranca-e-augusto-cury-assume-a-terceira-posicao-com-11\/","title":{"rendered":"Em nova pesquisa BTG\/Nexus, Lula continua na lideran\u00e7a com 39%, Fl\u00e1vio tem 33% e Augusto Cury assume a terceira posi\u00e7\u00e3o, com 11%"},"content":{"rendered":"\n<p class=\"wp-block-paragraph\">Uma nova rodada da pesquisa BTG\/Nexus, divulgada nesta segunda-feira, dia 31 de agosto, mostra o presidente Luiz In\u00e1cio Lula da Silva na lideran\u00e7a das inten\u00e7\u00f5es de voto para a elei\u00e7\u00e3o presidencial. No cen\u00e1rio estimulado de primeiro turno, Lula aparece com 39%, seguido pelo senador Fl\u00e1vio Bolsonaro, que registra 33%. <\/p>\n\n\n\n<p class=\"wp-block-paragraph\">A principal novidade do levantamento \u00e9 o escritor Augusto Cury, que desponta isolado na terceira coloca\u00e7\u00e3o com 11% das inten\u00e7\u00f5es de voto. O resultado consolida Cury como um fato novo de destaque na disputa, posicionando-o em patamar de dois d\u00edgitos e \u00e0 frente de nomes que j\u00e1 vinham articulando suas pr\u00e9-campanhas h\u00e1 mais tempo.<\/p>\n\n\n\n<p class=\"wp-block-paragraph\">Cen\u00e1rio Estimulado de 1\u00ba Turno<\/p>\n\n\n\n<p class=\"wp-block-paragraph\">Lula: 39%<\/p>\n\n\n\n<p class=\"wp-block-paragraph\">Fl\u00e1vio Bolsonaro: 33%<\/p>\n\n\n\n<p class=\"wp-block-paragraph\">Augusto Cury: 11%<\/p>\n\n\n\n<p class=\"wp-block-paragraph\">Ronaldo Caiado: 5%<\/p>\n\n\n\n<p class=\"wp-block-paragraph\">Renan Santos: 3%<\/p>\n\n\n\n<p class=\"wp-block-paragraph\">Romeu Zema: 1%<\/p>\n\n\n\n<p class=\"wp-block-paragraph\">Samara: 1%<\/p>\n\n\n\n<p class=\"wp-block-paragraph\">Com esses n\u00fameros, Lula sustenta uma vantagem de seis pontos percentuais sobre Fl\u00e1vio Bolsonaro. Por sua vez, Cury estabelece uma dist\u00e2ncia confort\u00e1vel em rela\u00e7\u00e3o aos demais candidatos que buscam quebrar a polariza\u00e7\u00e3o central.<\/p>\n\n\n\n<p class=\"wp-block-paragraph\">A pesquisa BTG\/Nexus testou quatro cen\u00e1rios de segundo turno com o atual presidente. Nao foi testado disputa de 2\u00b0 turno entre Lyla e Augusto Cury. Embora Lula lidere numericamente todos os confrontos, h\u00e1 situa\u00e7\u00f5es de empate t\u00e9cnico:<\/p>\n\n\n\n<p class=\"wp-block-paragraph\">Lula x Fl\u00e1vio Bolsonaro: O duelo mais acirrado mostra Lula com 46% contra 45% de Fl\u00e1vio, configurando empate t\u00e9cnico no limite da margem de erro.<\/p>\n\n\n\n<p class=\"wp-block-paragraph\">Lula x Ronaldo Caiado: Outro cen\u00e1rio de empate t\u00e9cnico traz o presidente com 45% e o governador de Goi\u00e1s com 44%.<\/p>\n\n\n\n<p class=\"wp-block-paragraph\">Lula x Romeu Zema: A vantagem de Lula se amplia para cinco pontos, registrando 46% contra 41% do governador de Minas Gerais.<\/p>\n\n\n\n<p class=\"wp-block-paragraph\">Lula x Renan Santos: No cen\u00e1rio mais folgado, Lula atinge 47% frente aos 38% obtidos pelo representante do MBL.<\/p>\n\n\n\n<figure class=\"wp-block-image size-full\"><img loading=\"lazy\" decoding=\"async\" width=\"768\" height=\"446\" src=\"https:\/\/blogdorogeriogomes.com.br\/noticias\/wp-content\/uploads\/2026\/08\/lula-flavio-e-augustu.webp\" alt=\"\" class=\"wp-image-41970\" srcset=\"https:\/\/blogdorogeriogomes.com.br\/noticias\/wp-content\/uploads\/2026\/08\/lula-flavio-e-augustu.webp 768w, https:\/\/blogdorogeriogomes.com.br\/noticias\/wp-content\/uploads\/2026\/08\/lula-flavio-e-augustu-300x174.webp 300w\" sizes=\"auto, (max-width: 768px) 100vw, 768px\" \/><\/figure>\n","protected":false},"excerpt":{"rendered":"<p>Uma nova rodada da pesquisa BTG\/Nexus, divulgada nesta segunda-feira, dia 31 de agosto, mostra o presidente Luiz In\u00e1cio Lula da Silva na lideran\u00e7a das inten\u00e7\u00f5es de voto para a elei\u00e7\u00e3o presidencial. No cen\u00e1rio estimulado de primeiro turno, Lula aparece com 39%, seguido pelo senador Fl\u00e1vio Bolsonaro, que registra 33%. A principal novidade do levantamento \u00e9 o escritor Augusto Cury, que desponta isolado na terceira coloca\u00e7\u00e3o com 11% das inten\u00e7\u00f5es de voto. O resultado consolida Cury como um fato novo&hellip;<\/p>\n","protected":false},"author":1,"featured_media":41970,"comment_status":"open","ping_status":"open","sticky":false,"template":"","format":"standard","meta":{"footnotes":""},"categories":[1],"tags":[],"class_list":["post-41969","post","type-post","status-publish","format-standard","has-post-thumbnail","hentry","category-noticias"],"_links":{"self":[{"href":"https:\/\/blogdorogeriogomes.com.br\/noticias\/wp-json\/wp\/v2\/posts\/41969","targetHints":{"allow":["GET"]}}],"collection":[{"href":"https:\/\/blogdorogeriogomes.com.br\/noticias\/wp-json\/wp\/v2\/posts"}],"about":[{"href":"https:\/\/blogdorogeriogomes.com.br\/noticias\/wp-json\/wp\/v2\/types\/post"}],"author":[{"embeddable":true,"href":"https:\/\/blogdorogeriogomes.com.br\/noticias\/wp-json\/wp\/v2\/users\/1"}],"replies":[{"embeddable":true,"href":"https:\/\/blogdorogeriogomes.com.br\/noticias\/wp-json\/wp\/v2\/comments?post=41969"}],"version-history":[{"count":2,"href":"https:\/\/blogdorogeriogomes.com.br\/noticias\/wp-json\/wp\/v2\/posts\/41969\/revisions"}],"predecessor-version":[{"id":41972,"href":"https:\/\/blogdorogeriogomes.com.br\/noticias\/wp-json\/wp\/v2\/posts\/41969\/revisions\/41972"}],"wp:featuredmedia":[{"embeddable":true,"href":"https:\/\/blogdorogeriogomes.com.br\/noticias\/wp-json\/wp\/v2\/media\/41970"}],"wp:attachment":[{"href":"https:\/\/blogdorogeriogomes.com.br\/noticias\/wp-json\/wp\/v2\/media?parent=41969"}],"wp:term":[{"taxonomy":"category","embeddable":true,"href":"https:\/\/blogdorogeriogomes.com.br\/noticias\/wp-json\/wp\/v2\/categories?post=41969"},{"taxonomy":"post_tag","embeddable":true,"href":"https:\/\/blogdorogeriogomes.com.br\/noticias\/wp-json\/wp\/v2\/tags?post=41969"}],"curies":[{"name":"wp","href":"https:\/\/api.w.org\/{rel}","templated":true}]}}