{"id":41973,"date":"2026-08-31T12:26:20","date_gmt":"2026-08-31T12:26:20","guid":{"rendered":"https:\/\/blogdorogeriogomes.com.br\/noticias\/?p=41973"},"modified":"2026-08-31T12:26:20","modified_gmt":"2026-08-31T12:26:20","slug":"com-queda-de-86-nos-pedidos-represados-previdencia-anuncia-que-fila-do-inss-sera-zerada-nesta-semana","status":"publish","type":"post","link":"https:\/\/blogdorogeriogomes.com.br\/noticias\/2026\/08\/com-queda-de-86-nos-pedidos-represados-previdencia-anuncia-que-fila-do-inss-sera-zerada-nesta-semana\/","title":{"rendered":"Com queda de 86% nos pedidos represados, Previd\u00eancia anuncia que fila do INSS ser\u00e1 zerada nesta semana"},"content":{"rendered":"\n<p class=\"wp-block-paragraph\">A fila de espera por benef\u00edcios do INSS ser\u00e1 totalmente zerada ainda nesta semana, segundo an\u00fancio do ministro da Previd\u00eancia Social, Wolney Queiroz. A informa\u00e7\u00e3o tamb\u00e9m foi confirmada pelo presidente Lula, durante sabatina no Jornal Nacional, da TV Globo, na semana passada. <\/p>\n\n\n\n<p class=\"wp-block-paragraph\">O volume de pedidos acumulados despencou 86% em compara\u00e7\u00e3o com os dados de janeiro. Essa redu\u00e7\u00e3o hist\u00f3rica foi alcan\u00e7ada gra\u00e7as a um pacote de medidas estruturais do \u00f3rg\u00e3o, que incluiu a contrata\u00e7\u00e3o de 500 novos m\u00e9dicos peritos federais, a implementa\u00e7\u00e3o da telemedicina para per\u00edcias m\u00e9dicas e a for\u00e7a-tarefa de mutir\u00f5es de atendimento aos finais de semana.<\/p>\n\n\n\n<p class=\"wp-block-paragraph\">Essa efici\u00eancia operacional foi atingida mesmo com a explos\u00e3o na busca pelos servi\u00e7os previdenci\u00e1rios. De acordo com o ministro, a demanda quase dobrou nos \u00faltimos tempos, alcan\u00e7ando uma m\u00e9dia atual de 1,3 milh\u00e3o de novos requerimentos por m\u00eas.<\/p>\n\n\n\n<p class=\"wp-block-paragraph\">Estat\u00edsticas do governo federal comprovam o ritmo acelerado nas concess\u00f5es. Entre 2022 e 2025, o total de benef\u00edcios liberados saltou de 5,2 milh\u00f5es para 7,6 milh\u00f5es, uma alta de 46%. Diante disso, o tempo m\u00e9dio de espera do cidad\u00e3o, que era de 108 dias em 2021, caiu drasticamente para 35 dias em 2026. &#8220;\u00c9 por causa de todo esse esfor\u00e7o que, nesta semana, vamos anunciar oficialmente que zeramos a fila do INSS&#8221;, concluiu Queiroz.<\/p>\n\n\n\n<figure class=\"wp-block-image size-full\"><img loading=\"lazy\" decoding=\"async\" width=\"888\" height=\"500\" src=\"https:\/\/blogdorogeriogomes.com.br\/noticias\/wp-content\/uploads\/2026\/08\/e9e35c4cd57fe7d7c611ff5877431061.jpeg\" alt=\"\" class=\"wp-image-41974\" srcset=\"https:\/\/blogdorogeriogomes.com.br\/noticias\/wp-content\/uploads\/2026\/08\/e9e35c4cd57fe7d7c611ff5877431061.jpeg 888w, https:\/\/blogdorogeriogomes.com.br\/noticias\/wp-content\/uploads\/2026\/08\/e9e35c4cd57fe7d7c611ff5877431061-300x169.jpeg 300w, https:\/\/blogdorogeriogomes.com.br\/noticias\/wp-content\/uploads\/2026\/08\/e9e35c4cd57fe7d7c611ff5877431061-768x432.jpeg 768w, https:\/\/blogdorogeriogomes.com.br\/noticias\/wp-content\/uploads\/2026\/08\/e9e35c4cd57fe7d7c611ff5877431061-800x450.jpeg 800w\" sizes=\"auto, (max-width: 888px) 100vw, 888px\" \/><\/figure>\n","protected":false},"excerpt":{"rendered":"<p>A fila de espera por benef\u00edcios do INSS ser\u00e1 totalmente zerada ainda nesta semana, segundo an\u00fancio do ministro da Previd\u00eancia Social, Wolney Queiroz. A informa\u00e7\u00e3o tamb\u00e9m foi confirmada pelo presidente Lula, durante sabatina no Jornal Nacional, da TV Globo, na semana passada. O volume de pedidos acumulados despencou 86% em compara\u00e7\u00e3o com os dados de janeiro. Essa redu\u00e7\u00e3o hist\u00f3rica foi alcan\u00e7ada gra\u00e7as a um pacote de medidas estruturais do \u00f3rg\u00e3o, que incluiu a contrata\u00e7\u00e3o de 500 novos m\u00e9dicos peritos&hellip;<\/p>\n","protected":false},"author":1,"featured_media":41974,"comment_status":"open","ping_status":"open","sticky":false,"template":"","format":"standard","meta":{"footnotes":""},"categories":[1],"tags":[],"class_list":["post-41973","post","type-post","status-publish","format-standard","has-post-thumbnail","hentry","category-noticias"],"_links":{"self":[{"href":"https:\/\/blogdorogeriogomes.com.br\/noticias\/wp-json\/wp\/v2\/posts\/41973","targetHints":{"allow":["GET"]}}],"collection":[{"href":"https:\/\/blogdorogeriogomes.com.br\/noticias\/wp-json\/wp\/v2\/posts"}],"about":[{"href":"https:\/\/blogdorogeriogomes.com.br\/noticias\/wp-json\/wp\/v2\/types\/post"}],"author":[{"embeddable":true,"href":"https:\/\/blogdorogeriogomes.com.br\/noticias\/wp-json\/wp\/v2\/users\/1"}],"replies":[{"embeddable":true,"href":"https:\/\/blogdorogeriogomes.com.br\/noticias\/wp-json\/wp\/v2\/comments?post=41973"}],"version-history":[{"count":1,"href":"https:\/\/blogdorogeriogomes.com.br\/noticias\/wp-json\/wp\/v2\/posts\/41973\/revisions"}],"predecessor-version":[{"id":41975,"href":"https:\/\/blogdorogeriogomes.com.br\/noticias\/wp-json\/wp\/v2\/posts\/41973\/revisions\/41975"}],"wp:featuredmedia":[{"embeddable":true,"href":"https:\/\/blogdorogeriogomes.com.br\/noticias\/wp-json\/wp\/v2\/media\/41974"}],"wp:attachment":[{"href":"https:\/\/blogdorogeriogomes.com.br\/noticias\/wp-json\/wp\/v2\/media?parent=41973"}],"wp:term":[{"taxonomy":"category","embeddable":true,"href":"https:\/\/blogdorogeriogomes.com.br\/noticias\/wp-json\/wp\/v2\/categories?post=41973"},{"taxonomy":"post_tag","embeddable":true,"href":"https:\/\/blogdorogeriogomes.com.br\/noticias\/wp-json\/wp\/v2\/tags?post=41973"}],"curies":[{"name":"wp","href":"https:\/\/api.w.org\/{rel}","templated":true}]}}